{"id":1342,"date":"2016-08-02T10:43:38","date_gmt":"2016-08-02T13:43:38","guid":{"rendered":"http:\/\/www.cofecon.org.br\/?p=1342"},"modified":"2016-08-02T10:43:38","modified_gmt":"2016-08-02T13:43:38","slug":"entra-em-vigencia-o-cadastro-nacional-de-peritos-em-economia-e-financas","status":"publish","type":"post","link":"https:\/\/cofecon.org.br\/cofecon\/?p=1342","title":{"rendered":"Entra em vig\u00eancia o Cadastro Nacional de Peritos em Economia e Finan\u00e7as"},"content":{"rendered":"<p style=\"text-align: justify;\"><img loading=\"lazy\" decoding=\"async\" class=\"size-medium wp-image-1337 alignleft\" src=\"http:\/\/www.cofecon.org.br\/wp-content\/uploads\/2017\/06\/96-300x200.jpg\" alt=\"\" width=\"300\" height=\"200\" srcset=\"https:\/\/cofecon.org.br\/cofecon\/wp-content\/uploads\/2017\/06\/96-300x200.jpg 300w, https:\/\/cofecon.org.br\/cofecon\/wp-content\/uploads\/2017\/06\/96-1024x683.jpg 1024w, https:\/\/cofecon.org.br\/cofecon\/wp-content\/uploads\/2017\/06\/96-768x512.jpg 768w, https:\/\/cofecon.org.br\/cofecon\/wp-content\/uploads\/2017\/06\/96-1536x1024.jpg 1536w, https:\/\/cofecon.org.br\/cofecon\/wp-content\/uploads\/2017\/06\/96-2048x1365.jpg 2048w, https:\/\/cofecon.org.br\/cofecon\/wp-content\/uploads\/2017\/06\/96-800x533.jpg 800w\" sizes=\"(max-width: 300px) 100vw, 300px\" \/>Entrou em opera\u00e7\u00e3o nesta ter\u00e7a-feira (02) o Cadastro Nacional de Peritos em Economia e Finan\u00e7as. Criado pela resolu\u00e7\u00e3o 1.951, o cadastro tem a finalidade de atender ao novo C\u00f3digo de Processo Civil Brasileiro, que disp\u00f5e em seu artigo 156 que o juiz ser\u00e1 assistido por perito e que determina aos tribunais a realiza\u00e7\u00e3o de consultas aos conselhos de classe para forma\u00e7\u00e3o de seu cadastro de profissionais legalmente habilitados.<\/p>\n<p style=\"text-align: justify;\">\u201cO C\u00f3digo de Processo Civil entrou em vigor no dia 18 de mar\u00e7o e estabeleceu um cadastro de profissionais legalmente habilitados para servir \u00e0 justi\u00e7a por meio do trabalho como peritos na solu\u00e7\u00e3o de conflitos de natureza econ\u00f4mico-financeira\u201d, comenta o perito Pedro Afonso Gomes, que foi inclusive organizador do II Encontro Brasileiro de Per\u00edcia Econ\u00f4mico-Financeira em 2008. \u201cUma das formas de alimenta\u00e7\u00e3o deste cadastro pode ser a consulta a conselhos profissionais\u201d.<\/p>\n<p style=\"text-align: justify;\">\u201cA perspectiva \u00e9 que em breve os tribunais estejam dando uma maior divulga\u00e7\u00e3o para cadastrar peritos. H\u00e1 uma previs\u00e3o de que, em m\u00e9dia, a cada tr\u00eas anos haja uma nova rodada de capacita\u00e7\u00e3o destes profissionais\u201d, avalia o coordenador da Comiss\u00e3o de Normas, Legisla\u00e7\u00e3o e A\u00e7\u00e3o Parlamentar do Cofecon, R\u00f3ridan Duarte. \u201cO cadastro dar\u00e1 uma institucionalidade para que os tribunais possam escolher um economista\u201d.<\/p>\n<p style=\"text-align: justify;\">Os economistas que estiverem em dia com os Corecons poder\u00e3o cadastrar-se no Cadastro Nacional de Peritos em Economia e Finan\u00e7as por meio dos portais dos Conselhos Regionais de Economia nos quais det\u00eam o registro profissional. Tamb\u00e9m haver\u00e1 um link para o Sistema na p\u00e1gina do Cofecon.<\/p>\n","protected":false},"excerpt":{"rendered":"<p>Entrou em opera\u00e7\u00e3o nesta ter\u00e7a-feira (02) o Cadastro Nacional de Peritos em Economia e Finan\u00e7as. Criado pela resolu\u00e7\u00e3o 1.951, o cadastro tem a finalidade de atender ao novo C\u00f3digo de Processo Civil Brasileiro, que disp\u00f5e em seu artigo 156 que<\/p>\n<p><a class=\"more-link\" href=\"https:\/\/cofecon.org.br\/cofecon\/?p=1342\">Leia Mais<\/a><\/p>\n","protected":false},"author":1,"featured_media":0,"comment_status":"open","ping_status":"open","sticky":false,"template":"","format":"standard","meta":{"footnotes":""},"categories":[2],"tags":[],"class_list":["post-1342","post","type-post","status-publish","format-standard","hentry","category-noticias"],"_links":{"self":[{"href":"https:\/\/cofecon.org.br\/cofecon\/index.php?rest_route=\/wp\/v2\/posts\/1342"}],"collection":[{"href":"https:\/\/cofecon.org.br\/cofecon\/index.php?rest_route=\/wp\/v2\/posts"}],"about":[{"href":"https:\/\/cofecon.org.br\/cofecon\/index.php?rest_route=\/wp\/v2\/types\/post"}],"author":[{"embeddable":true,"href":"https:\/\/cofecon.org.br\/cofecon\/index.php?rest_route=\/wp\/v2\/users\/1"}],"replies":[{"embeddable":true,"href":"https:\/\/cofecon.org.br\/cofecon\/index.php?rest_route=%2Fwp%2Fv2%2Fcomments&post=1342"}],"version-history":[{"count":0,"href":"https:\/\/cofecon.org.br\/cofecon\/index.php?rest_route=\/wp\/v2\/posts\/1342\/revisions"}],"wp:attachment":[{"href":"https:\/\/cofecon.org.br\/cofecon\/index.php?rest_route=%2Fwp%2Fv2%2Fmedia&parent=1342"}],"wp:term":[{"taxonomy":"category","embeddable":true,"href":"https:\/\/cofecon.org.br\/cofecon\/index.php?rest_route=%2Fwp%2Fv2%2Fcategories&post=1342"},{"taxonomy":"post_tag","embeddable":true,"href":"https:\/\/cofecon.org.br\/cofecon\/index.php?rest_route=%2Fwp%2Fv2%2Ftags&post=1342"}],"curies":[{"name":"wp","href":"https:\/\/api.w.org\/{rel}","templated":true}]}}