{"id":13419,"date":"2020-12-07T08:55:12","date_gmt":"2020-12-07T11:55:12","guid":{"rendered":"https:\/\/www.cofecon.org.br\/?p=13419"},"modified":"2020-12-07T08:55:12","modified_gmt":"2020-12-07T11:55:12","slug":"cofecon-realizara-oficina-gratuita-sobre-financas-pessoais","status":"publish","type":"post","link":"https:\/\/cofecon.org.br\/cofecon\/?p=13419","title":{"rendered":"Cofecon realizar\u00e1 oficina gratuita sobre finan\u00e7as pessoais"},"content":{"rendered":"\n<p><img loading=\"lazy\" decoding=\"async\" class=\"wp-image-13420 size-medium alignleft\" src=\"http:\/\/cofecon.org.br\/cofecon\/wp-content\/uploads\/2020\/11\/WhatsApp-Image-2020-11-11-at-15.24.35-300x300.jpeg\" alt=\"\" width=\"300\" height=\"300\" srcset=\"https:\/\/cofecon.org.br\/cofecon\/wp-content\/uploads\/2020\/11\/WhatsApp-Image-2020-11-11-at-15.24.35-300x300.jpeg 300w, https:\/\/cofecon.org.br\/cofecon\/wp-content\/uploads\/2020\/11\/WhatsApp-Image-2020-11-11-at-15.24.35-1024x1024.jpeg 1024w, https:\/\/cofecon.org.br\/cofecon\/wp-content\/uploads\/2020\/11\/WhatsApp-Image-2020-11-11-at-15.24.35-150x150.jpeg 150w, https:\/\/cofecon.org.br\/cofecon\/wp-content\/uploads\/2020\/11\/WhatsApp-Image-2020-11-11-at-15.24.35-768x768.jpeg 768w, https:\/\/cofecon.org.br\/cofecon\/wp-content\/uploads\/2020\/11\/WhatsApp-Image-2020-11-11-at-15.24.35-800x800.jpeg 800w, https:\/\/cofecon.org.br\/cofecon\/wp-content\/uploads\/2020\/11\/WhatsApp-Image-2020-11-11-at-15.24.35-250x250.jpeg 250w, https:\/\/cofecon.org.br\/cofecon\/wp-content\/uploads\/2020\/11\/WhatsApp-Image-2020-11-11-at-15.24.35.jpeg 1280w\" sizes=\"(max-width: 300px) 100vw, 300px\" \/>Equilibrar os gastos \u00e9 uma pr\u00e1tica saud\u00e1vel que ajuda a manter as contas em dia, e o fim de ano \u00e9 um bom momento para repens\u00e1-los. Com foco em orientar a sociedade sobre boas pr\u00e1ticas em educa\u00e7\u00e3o financeira, o Conselho Federal de Economia realizar\u00e1 uma oficina gratuita no dia 8 de dezembro sobre o tema &#8220;Finan\u00e7as Pessoais&#8221;. As inscri\u00e7\u00f5es j\u00e1 est\u00e3o abertas em <a href=\"http:\/\/www.cofecon.org.br\/ead\"><strong>www.cofecon.org.br\/ead<\/strong><\/a><\/p>\n<p>O tema ser\u00e1 apresentado em um \u00fanico m\u00f3dulo, ministrado pelo economista Rog\u00e9rio Galv\u00e3o. A transmiss\u00e3o ser\u00e1 feita no canal do Cofecon no Youtube a partir das 17h30 &#8211; <a href=\"http:\/\/www.youtube.com\/c\/Cofecon\"><strong>clique aqui para acessar o canal.<\/strong><\/a><\/p>\n<p>Os interessados em receber certificado de participa\u00e7\u00e3o e ter acesso ao material dispon\u00edvel para download devem acessar a plataforma EAD do Cofecon (<a href=\"http:\/\/www.cofecon.org.br\/ead\"><strong>www.cofecon.org.br\/ead<\/strong><\/a>) e realizar inscri\u00e7\u00e3o.<\/p>\n<p>Rog\u00e9rio Galv\u00e3o de Carvalho \u00e9 bacharel em Ci\u00eancias Econ\u00f4micas (UNICEUB), especialista em Direito P\u00fablico (FACITEC) e mestre em Economia (UCB). Est\u00e1 concluindo o doutorado na Universidad de Ciencias Empresariales e Sociales de Buenos Aires (UCES). Economista concursado da Secretaria de Desenvolvimento Econ\u00f4mico do Governo do Distrito Federal, \u00e9 coordenador de Atra\u00e7\u00e3o de Investimentos. \u00c9 professor de Economia e autor do livro \u201cGuia de Finan\u00e7as Pessoais Voc\u00ea LTDA\u201d.<\/p>\n<p>\u00a0<\/p>\n","protected":false},"excerpt":{"rendered":"","protected":false},"author":1,"featured_media":13421,"comment_status":"closed","ping_status":"closed","sticky":false,"template":"","format":"standard","meta":{"footnotes":""},"categories":[2],"tags":[],"class_list":["post-13419","post","type-post","status-publish","format-standard","has-post-thumbnail","hentry","category-noticias"],"_links":{"self":[{"href":"https:\/\/cofecon.org.br\/cofecon\/index.php?rest_route=\/wp\/v2\/posts\/13419"}],"collection":[{"href":"https:\/\/cofecon.org.br\/cofecon\/index.php?rest_route=\/wp\/v2\/posts"}],"about":[{"href":"https:\/\/cofecon.org.br\/cofecon\/index.php?rest_route=\/wp\/v2\/types\/post"}],"author":[{"embeddable":true,"href":"https:\/\/cofecon.org.br\/cofecon\/index.php?rest_route=\/wp\/v2\/users\/1"}],"replies":[{"embeddable":true,"href":"https:\/\/cofecon.org.br\/cofecon\/index.php?rest_route=%2Fwp%2Fv2%2Fcomments&post=13419"}],"version-history":[{"count":0,"href":"https:\/\/cofecon.org.br\/cofecon\/index.php?rest_route=\/wp\/v2\/posts\/13419\/revisions"}],"wp:featuredmedia":[{"embeddable":true,"href":"https:\/\/cofecon.org.br\/cofecon\/index.php?rest_route=\/wp\/v2\/media\/13421"}],"wp:attachment":[{"href":"https:\/\/cofecon.org.br\/cofecon\/index.php?rest_route=%2Fwp%2Fv2%2Fmedia&parent=13419"}],"wp:term":[{"taxonomy":"category","embeddable":true,"href":"https:\/\/cofecon.org.br\/cofecon\/index.php?rest_route=%2Fwp%2Fv2%2Fcategories&post=13419"},{"taxonomy":"post_tag","embeddable":true,"href":"https:\/\/cofecon.org.br\/cofecon\/index.php?rest_route=%2Fwp%2Fv2%2Ftags&post=13419"}],"curies":[{"name":"wp","href":"https:\/\/api.w.org\/{rel}","templated":true}]}}