{"id":1339,"date":"2016-08-04T10:42:26","date_gmt":"2016-08-04T13:42:26","guid":{"rendered":"http:\/\/www.cofecon.org.br\/?p=1339"},"modified":"2016-08-04T10:42:26","modified_gmt":"2016-08-04T13:42:26","slug":"irmas-siamesas","status":"publish","type":"post","link":"https:\/\/cofecon.org.br\/cofecon\/?p=1339","title":{"rendered":"Artigo &#8211; Irm\u00e3s siamesas"},"content":{"rendered":"<p style=\"text-align: justify;\">\u201cEste n\u00e3o \u00e9 mais um relat\u00f3rio sobre pobreza, mas a radiografia de uma regi\u00e3o onde pessoas muito ricas convivem com outras muito pobres na \u00e1rea mais desigual do mundo\u201d. Assim inicia o pr\u00f3logo do excepcional relat\u00f3rio \u201cPrivil\u00e9gios que negam direitos: desigualdade extrema e captura pol\u00edtica na Am\u00e9rica Latina e no Caribe\u201d, elaborado pela Oxfam, organiza\u00e7\u00e3o com atua\u00e7\u00e3o mundial. De fato, a riqueza e a pobreza s\u00e3o irm\u00e3s siamesas, uma n\u00e3o vive sem a outra.<\/p>\n<p style=\"text-align: justify;\">Na Am\u00e9rica Latina e Caribe, regi\u00e3o de 620 milh\u00f5es de habitantes, os contrastes s\u00e3o profundos, coexistindo uma casta de privilegiados, incluindo alguns milhares de super-ricos, com uma enorme massa de pobres e miser\u00e1veis. N\u00e3o obstante alguns avan\u00e7os, com 60 milh\u00f5es de pessoas saindo da pobreza nos \u00faltimos dez anos, o fato \u00e9 que, segundo o relat\u00f3rio, mais de 165 milh\u00f5es permanecem nesta condi\u00e7\u00e3o.<\/p>\n<p style=\"text-align: justify;\">A raz\u00e3o de t\u00e3o avassaladora pobreza \u00e9 a enorme concentra\u00e7\u00e3o da renda e da riqueza em m\u00e3os de uma minoria. Estas elites, ao capturarem politicamente o Estado, instalam pol\u00edticas p\u00fablicas que n\u00e3o beneficiam a maioria, mas s\u00e3o eficientes para maximizar seus lucros. Trata-se da proposi\u00e7\u00e3o de um Estado M\u00ednimo apenas para os mais pobres (menos recursos para a educa\u00e7\u00e3o, sa\u00fade, transporte, habita\u00e7\u00e3o, saneamento etc), de forma que os recursos sejam direcionados para ampliar a riqueza dos mais abastados.<\/p>\n<p style=\"text-align: justify;\">Segundo a Oxfam, os 1% mais ricos da popula\u00e7\u00e3o concentram 41% da riqueza regional ao passo que os 50% mais pobres det\u00e9m parcos 3,2%. O patrim\u00f4nio desses 310 milh\u00f5es de latino-americanos pobres \u00e9, pasme-se, inferior ao dos 30 maiores bilion\u00e1rios da regi\u00e3o. A extrema acumula\u00e7\u00e3o de riqueza n\u00e3o decorre, como afirmam os c\u00ednicos e acreditam os mais ing\u00eanuos, do trabalho, do acaso e tampouco da vontade divina, mas da a\u00e7\u00e3o de uma elite que n\u00e3o vacila em se apropriar do Estado e suas institui\u00e7\u00f5es para preservar e ampliar seus privil\u00e9gios.<\/p>\n<p style=\"text-align: justify;\"><strong>J\u00falio Miragaya, presidente do Conselho Federal de Economia.<\/strong><\/p>\n","protected":false},"excerpt":{"rendered":"<p>\u201cEste n\u00e3o \u00e9 mais um relat\u00f3rio sobre pobreza, mas a radiografia de uma regi\u00e3o onde pessoas muito ricas convivem com outras muito pobres na \u00e1rea mais desigual do mundo\u201d. Assim inicia o pr\u00f3logo do excepcional relat\u00f3rio \u201cPrivil\u00e9gios que negam direitos:<\/p>\n<p><a class=\"more-link\" href=\"https:\/\/cofecon.org.br\/cofecon\/?p=1339\">Leia Mais<\/a><\/p>\n","protected":false},"author":1,"featured_media":0,"comment_status":"open","ping_status":"open","sticky":false,"template":"","format":"standard","meta":{"footnotes":""},"categories":[6],"tags":[],"class_list":["post-1339","post","type-post","status-publish","format-standard","hentry","category-artigo"],"_links":{"self":[{"href":"https:\/\/cofecon.org.br\/cofecon\/index.php?rest_route=\/wp\/v2\/posts\/1339"}],"collection":[{"href":"https:\/\/cofecon.org.br\/cofecon\/index.php?rest_route=\/wp\/v2\/posts"}],"about":[{"href":"https:\/\/cofecon.org.br\/cofecon\/index.php?rest_route=\/wp\/v2\/types\/post"}],"author":[{"embeddable":true,"href":"https:\/\/cofecon.org.br\/cofecon\/index.php?rest_route=\/wp\/v2\/users\/1"}],"replies":[{"embeddable":true,"href":"https:\/\/cofecon.org.br\/cofecon\/index.php?rest_route=%2Fwp%2Fv2%2Fcomments&post=1339"}],"version-history":[{"count":0,"href":"https:\/\/cofecon.org.br\/cofecon\/index.php?rest_route=\/wp\/v2\/posts\/1339\/revisions"}],"wp:attachment":[{"href":"https:\/\/cofecon.org.br\/cofecon\/index.php?rest_route=%2Fwp%2Fv2%2Fmedia&parent=1339"}],"wp:term":[{"taxonomy":"category","embeddable":true,"href":"https:\/\/cofecon.org.br\/cofecon\/index.php?rest_route=%2Fwp%2Fv2%2Fcategories&post=1339"},{"taxonomy":"post_tag","embeddable":true,"href":"https:\/\/cofecon.org.br\/cofecon\/index.php?rest_route=%2Fwp%2Fv2%2Ftags&post=1339"}],"curies":[{"name":"wp","href":"https:\/\/api.w.org\/{rel}","templated":true}]}}