{"id":13389,"date":"2020-11-27T11:53:43","date_gmt":"2020-11-27T14:53:43","guid":{"rendered":"https:\/\/www.cofecon.org.br\/?p=13389"},"modified":"2020-11-27T11:53:43","modified_gmt":"2020-11-27T14:53:43","slug":"live-promovida-pelo-corecon-sc-discutira-economia-do-futuro","status":"publish","type":"post","link":"https:\/\/cofecon.org.br\/cofecon\/?p=13389","title":{"rendered":"Live promovida pelo Corecon-SC discutir\u00e1 economia do futuro"},"content":{"rendered":"\n<p><img loading=\"lazy\" decoding=\"async\" class=\"wp-image-13390 size-medium alignleft\" src=\"http:\/\/cofecon.org.br\/cofecon\/wp-content\/uploads\/2020\/11\/WhatsApp-Image-2020-11-24-at-13.01.53-240x300.jpeg\" alt=\"\" width=\"240\" height=\"300\" srcset=\"https:\/\/cofecon.org.br\/cofecon\/wp-content\/uploads\/2020\/11\/WhatsApp-Image-2020-11-24-at-13.01.53-240x300.jpeg 240w, https:\/\/cofecon.org.br\/cofecon\/wp-content\/uploads\/2020\/11\/WhatsApp-Image-2020-11-24-at-13.01.53-819x1024.jpeg 819w, https:\/\/cofecon.org.br\/cofecon\/wp-content\/uploads\/2020\/11\/WhatsApp-Image-2020-11-24-at-13.01.53-768x960.jpeg 768w, https:\/\/cofecon.org.br\/cofecon\/wp-content\/uploads\/2020\/11\/WhatsApp-Image-2020-11-24-at-13.01.53-800x1000.jpeg 800w, https:\/\/cofecon.org.br\/cofecon\/wp-content\/uploads\/2020\/11\/WhatsApp-Image-2020-11-24-at-13.01.53.jpeg 1024w\" sizes=\"(max-width: 240px) 100vw, 240px\" \/>O Conselho Regional de Economia de Santa Catarina (Corecon-SC) realizar\u00e1 na pr\u00f3xima ter\u00e7a-feira, 1\u00ba de dezembro, uma live para debater o tema &#8220;A Economia do Futuro: blockchain e criptomoedas&#8221;. O tema ser\u00e1 apresentado pelo economista Miro Hildebrando, com media\u00e7\u00e3o de Ralf Marcos Ehmke.<\/p>\n<p>A transmiss\u00e3o ter\u00e1 in\u00edcio \u00e0s 19h30, no canal do Corecon-SC no Youtube &#8211; <a href=\"http:\/\/www.youtube.com\/c\/CoreconSantaCatarina\"><strong>www.youtube.com\/c\/CoreconSantaCatarina<\/strong><\/a><\/p>\n<p>iro Hildebrando \u00e9 graduado em Economia pela Pontif\u00edcia Universidade Cat\u00f3lica do Paran\u00e1 PUC-PR), p\u00f3s-graduado em Economia de Empresas pela Universidade Federal de Santa Catarina (UFSC), Ph.D em Small Business Economics pela Union Institute &amp; University Cincinnati, nos Estados Unidos.<\/p>\n<p>Ralf Marcos Ehmke \u00e9 economista, conselheiro do Corecon-SC, professor titular da Furb e presidente da Institui\u00e7\u00e3o Comunit\u00e1ria de Cr\u00e9dito Blumenau Solidariedade &#8211; BluSol.<\/p>\n<p>\u00a0<\/p>\n","protected":false},"excerpt":{"rendered":"","protected":false},"author":1,"featured_media":13392,"comment_status":"closed","ping_status":"closed","sticky":false,"template":"","format":"standard","meta":{"footnotes":""},"categories":[2],"tags":[],"class_list":["post-13389","post","type-post","status-publish","format-standard","has-post-thumbnail","hentry","category-noticias"],"_links":{"self":[{"href":"https:\/\/cofecon.org.br\/cofecon\/index.php?rest_route=\/wp\/v2\/posts\/13389"}],"collection":[{"href":"https:\/\/cofecon.org.br\/cofecon\/index.php?rest_route=\/wp\/v2\/posts"}],"about":[{"href":"https:\/\/cofecon.org.br\/cofecon\/index.php?rest_route=\/wp\/v2\/types\/post"}],"author":[{"embeddable":true,"href":"https:\/\/cofecon.org.br\/cofecon\/index.php?rest_route=\/wp\/v2\/users\/1"}],"replies":[{"embeddable":true,"href":"https:\/\/cofecon.org.br\/cofecon\/index.php?rest_route=%2Fwp%2Fv2%2Fcomments&post=13389"}],"version-history":[{"count":0,"href":"https:\/\/cofecon.org.br\/cofecon\/index.php?rest_route=\/wp\/v2\/posts\/13389\/revisions"}],"wp:featuredmedia":[{"embeddable":true,"href":"https:\/\/cofecon.org.br\/cofecon\/index.php?rest_route=\/wp\/v2\/media\/13392"}],"wp:attachment":[{"href":"https:\/\/cofecon.org.br\/cofecon\/index.php?rest_route=%2Fwp%2Fv2%2Fmedia&parent=13389"}],"wp:term":[{"taxonomy":"category","embeddable":true,"href":"https:\/\/cofecon.org.br\/cofecon\/index.php?rest_route=%2Fwp%2Fv2%2Fcategories&post=13389"},{"taxonomy":"post_tag","embeddable":true,"href":"https:\/\/cofecon.org.br\/cofecon\/index.php?rest_route=%2Fwp%2Fv2%2Ftags&post=13389"}],"curies":[{"name":"wp","href":"https:\/\/api.w.org\/{rel}","templated":true}]}}