{"id":13385,"date":"2020-11-26T16:44:25","date_gmt":"2020-11-26T19:44:25","guid":{"rendered":"https:\/\/www.cofecon.org.br\/?p=13385"},"modified":"2020-11-26T16:44:25","modified_gmt":"2020-11-26T19:44:25","slug":"live-discutira-os-reflexos-da-pandemia-no-trabalho-das-mulheres","status":"publish","type":"post","link":"https:\/\/cofecon.org.br\/cofecon\/?p=13385","title":{"rendered":"Live discutir\u00e1 os reflexos da pandemia no trabalho das mulheres"},"content":{"rendered":"\n<p><img loading=\"lazy\" decoding=\"async\" class=\"wp-image-13386 size-medium alignleft\" src=\"http:\/\/cofecon.org.br\/cofecon\/wp-content\/uploads\/2020\/11\/WhatsApp-Image-2020-11-26-at-16.30.14-300x300.jpeg\" alt=\"\" width=\"300\" height=\"300\" srcset=\"https:\/\/cofecon.org.br\/cofecon\/wp-content\/uploads\/2020\/11\/WhatsApp-Image-2020-11-26-at-16.30.14-300x300.jpeg 300w, https:\/\/cofecon.org.br\/cofecon\/wp-content\/uploads\/2020\/11\/WhatsApp-Image-2020-11-26-at-16.30.14-1024x1024.jpeg 1024w, https:\/\/cofecon.org.br\/cofecon\/wp-content\/uploads\/2020\/11\/WhatsApp-Image-2020-11-26-at-16.30.14-150x150.jpeg 150w, https:\/\/cofecon.org.br\/cofecon\/wp-content\/uploads\/2020\/11\/WhatsApp-Image-2020-11-26-at-16.30.14-768x768.jpeg 768w, https:\/\/cofecon.org.br\/cofecon\/wp-content\/uploads\/2020\/11\/WhatsApp-Image-2020-11-26-at-16.30.14-800x800.jpeg 800w, https:\/\/cofecon.org.br\/cofecon\/wp-content\/uploads\/2020\/11\/WhatsApp-Image-2020-11-26-at-16.30.14-250x250.jpeg 250w, https:\/\/cofecon.org.br\/cofecon\/wp-content\/uploads\/2020\/11\/WhatsApp-Image-2020-11-26-at-16.30.14.jpeg 1080w\" sizes=\"(max-width: 300px) 100vw, 300px\" \/>O Grupo de Trabalho Mulher Economista do Corecon-DF realizar\u00e1 live no dia 2 de dezembro, \u00e0s 17h, sobre &#8220;Os Reflexos da Pandemia no Trabalho das Mulheres: desemprego, viol\u00eancia e invisibilidade&#8221;.<\/p>\n<p>Participar\u00e3o do debate Carla Antloga, doutora em Psicologia Social no Trabalho das Organiza\u00e7\u00f5es e coordenadora do Grupo de Estudos em Psicodin\u00e2mica do Trabalho Feminino &#8211; Psitrafem; e Hildete Pereira, doutora em Economia, professora da Faculdade de Economia e do Programa de P\u00f3s-Gradua\u00e7\u00e3o em Pol\u00edtica Social da Universidade Federal Fluminense (UFF).<\/p>\n<p>A abertura ficar\u00e1 a cargo do Presidente do Corecon-DF, C\u00e9sar Bergo, e a modera\u00e7\u00e3o do evento ser\u00e1 feita pela economista Vilma Guimar\u00e3es, membro do GT Mulher Economista.<\/p>\n<p>A live ser\u00e1 transmitida no canal do YouTube do Corecon-DF. <br \/>Acesse pelo link: <a href=\"https:\/\/youtu.be\/BzUO_RW3QJc\"><strong>https:\/\/youtu.be\/BzUO_RW3QJc<\/strong><\/a><\/p>\n","protected":false},"excerpt":{"rendered":"","protected":false},"author":1,"featured_media":13387,"comment_status":"closed","ping_status":"closed","sticky":false,"template":"","format":"standard","meta":{"footnotes":""},"categories":[2],"tags":[],"class_list":["post-13385","post","type-post","status-publish","format-standard","has-post-thumbnail","hentry","category-noticias"],"_links":{"self":[{"href":"https:\/\/cofecon.org.br\/cofecon\/index.php?rest_route=\/wp\/v2\/posts\/13385"}],"collection":[{"href":"https:\/\/cofecon.org.br\/cofecon\/index.php?rest_route=\/wp\/v2\/posts"}],"about":[{"href":"https:\/\/cofecon.org.br\/cofecon\/index.php?rest_route=\/wp\/v2\/types\/post"}],"author":[{"embeddable":true,"href":"https:\/\/cofecon.org.br\/cofecon\/index.php?rest_route=\/wp\/v2\/users\/1"}],"replies":[{"embeddable":true,"href":"https:\/\/cofecon.org.br\/cofecon\/index.php?rest_route=%2Fwp%2Fv2%2Fcomments&post=13385"}],"version-history":[{"count":0,"href":"https:\/\/cofecon.org.br\/cofecon\/index.php?rest_route=\/wp\/v2\/posts\/13385\/revisions"}],"wp:featuredmedia":[{"embeddable":true,"href":"https:\/\/cofecon.org.br\/cofecon\/index.php?rest_route=\/wp\/v2\/media\/13387"}],"wp:attachment":[{"href":"https:\/\/cofecon.org.br\/cofecon\/index.php?rest_route=%2Fwp%2Fv2%2Fmedia&parent=13385"}],"wp:term":[{"taxonomy":"category","embeddable":true,"href":"https:\/\/cofecon.org.br\/cofecon\/index.php?rest_route=%2Fwp%2Fv2%2Fcategories&post=13385"},{"taxonomy":"post_tag","embeddable":true,"href":"https:\/\/cofecon.org.br\/cofecon\/index.php?rest_route=%2Fwp%2Fv2%2Ftags&post=13385"}],"curies":[{"name":"wp","href":"https:\/\/api.w.org\/{rel}","templated":true}]}}