{"id":13370,"date":"2020-11-25T14:51:43","date_gmt":"2020-11-25T17:51:43","guid":{"rendered":"https:\/\/www.cofecon.org.br\/?p=13370"},"modified":"2020-11-25T14:51:43","modified_gmt":"2020-11-25T17:51:43","slug":"cofecon-ministrara-palestra-e-oficina-na-27a-feicoop","status":"publish","type":"post","link":"https:\/\/cofecon.org.br\/cofecon\/?p=13370","title":{"rendered":"Cofecon ministrar\u00e1 palestra e oficina na 27\u00aa Feicoop, maior evento de economia solid\u00e1ria da Am\u00e9rica Latina"},"content":{"rendered":"\n<p><img loading=\"lazy\" decoding=\"async\" class=\"wp-image-13373 size-medium alignleft\" src=\"http:\/\/cofecon.org.br\/cofecon\/wp-content\/uploads\/2020\/11\/Cartaz-FEICOOP-on-line-Esp-300x300.jpg\" alt=\"\" width=\"300\" height=\"300\" srcset=\"https:\/\/cofecon.org.br\/cofecon\/wp-content\/uploads\/2020\/11\/Cartaz-FEICOOP-on-line-Esp-300x300.jpg 300w, https:\/\/cofecon.org.br\/cofecon\/wp-content\/uploads\/2020\/11\/Cartaz-FEICOOP-on-line-Esp-1024x1024.jpg 1024w, https:\/\/cofecon.org.br\/cofecon\/wp-content\/uploads\/2020\/11\/Cartaz-FEICOOP-on-line-Esp-150x150.jpg 150w, https:\/\/cofecon.org.br\/cofecon\/wp-content\/uploads\/2020\/11\/Cartaz-FEICOOP-on-line-Esp-768x768.jpg 768w, https:\/\/cofecon.org.br\/cofecon\/wp-content\/uploads\/2020\/11\/Cartaz-FEICOOP-on-line-Esp-1536x1536.jpg 1536w, https:\/\/cofecon.org.br\/cofecon\/wp-content\/uploads\/2020\/11\/Cartaz-FEICOOP-on-line-Esp-2048x2048.jpg 2048w, https:\/\/cofecon.org.br\/cofecon\/wp-content\/uploads\/2020\/11\/Cartaz-FEICOOP-on-line-Esp-800x800.jpg 800w, https:\/\/cofecon.org.br\/cofecon\/wp-content\/uploads\/2020\/11\/Cartaz-FEICOOP-on-line-Esp-250x250.jpg 250w\" sizes=\"(max-width: 300px) 100vw, 300px\" \/>O Conselho Federal de Economia participar\u00e1 da 27\u00aa Feicoop, que neste ano ocorrer\u00e1 exclusivamente no ambiente online por causa da pandemia do novo coronav\u00edrus. O evento, organizado pelo Projeto Esperan\u00e7a Cooesperan\u00e7a de Santa Maria (RS), ocorrer\u00e1 de 01 a 15 de dezembro e tamb\u00e9m marca a 1\u00aa Jornada Intercontinental de Economia Solid\u00e1ria. A irm\u00e3 Lourdes Dill, agraciada com o Pr\u00eamio Mulher Transformadora 2020, do Cofecon, est\u00e1 \u00e0 frente da iniciativa.<\/p>\n<p>O tema de 2020 \u00e9 &#8220;Construindo a sociedade do bem viver: por uma \u00e9tica planet\u00e1ria&#8221;. Os participantes ter\u00e3o acesso a semin\u00e1rios e oficinas autogestion\u00e1rias tem\u00e1ticas, atividades culturais e encontros nacionais e internacionais.<\/p>\n<p>&#8220;A Feira de Santa Maria \u00e9 uma Festa, um encontro de Forma\u00e7\u00e3o entre todos aqueles e aquelas que acreditam em um outro mundo poss\u00edvel com uma nova forma de economia que priorize o cuidado com a vida, justi\u00e7a social e dignidade para todos&#8221;, explica a irm\u00e3 Lourdes Dill.<\/p>\n<p>A organiza\u00e7\u00e3o do evento lan\u00e7ou uma vaquinha online para aqueles que quiserem contribuir para a realiza\u00e7\u00e3o da 27\u00aa Feicoop. A doa\u00e7\u00e3o pode ser feita pelo link <a href=\"https:\/\/www.kickante.com.br\/campanhas\/apoie-feicoop-2020\"><strong>https:\/\/www.kickante.com.br\/campanhas\/apoie-feicoop-2020<\/strong><\/a><\/p>\n<p><strong>Participa\u00e7\u00e3o do Cofecon\u00a0 \u00a0 \u00a0 \u00a0 \u00a0 \u00a0 \u00a0 \u00a0 \u00a0 \u00a0 \u00a0 \u00a0 \u00a0 \u00a0 \u00a0 \u00a0 \u00a0 \u00a0 \u00a0 \u00a0 \u00a0 \u00a0<\/strong><\/p>\n<p>A vice-presidente do Cofecon, Denise Kassama Franco do Amaral, apresentar\u00e1, ao lado de outros dois economistas, uma oficina gratuita sobre &#8220;Gerenciamento de empreendimentos solid\u00e1rios&#8221;, no dia 04 de dezembro. A qualifica\u00e7\u00e3o ocorrer\u00e1 das 14h \u00e0s 17h, com transmiss\u00e3o no canal do Cofecon no Youtube &#8211; www.youtube.com\/c\/Cofecon.<\/p>\n<p><span style=\"font-size: inherit;\">Denise Kassama Franco do Amaral \u00e9 graduada em Ci\u00eancias Econ\u00f4micas pelo Centro Universit\u00e1rio de Ensino Superior do Amazonas e especializada em Auditoria Interna e Externa. Atualmente \u00e9 professora do Centro Integrado de Ensino Superior do Amazonas, instrutora do Servi\u00e7o de Apoio \u00e0s Micro e Pequenas Empresas do Amazonas, s\u00f3cia-gerente da Objetiva Consultoria Econ\u00f4mica, presidente do Instituto Socioecon\u00f4mico do Amazonas. \u00c9 fundadora e coordenadora do grupo Economistas Solid\u00e1rios, que atua com apoio em processos de gera\u00e7\u00e3o de renda. Tem experi\u00eancia na \u00e1rea econ\u00f4mica, com \u00eanfase em projetos e estudos de viabilidade econ\u00f4mica, an\u00e1lise financeira e estudos regionais.<\/span><\/p>\n<p><img loading=\"lazy\" decoding=\"async\" class=\"wp-image-13371 size-medium alignright\" src=\"http:\/\/cofecon.org.br\/cofecon\/wp-content\/uploads\/2020\/11\/WhatsApp-Image-2020-11-24-at-13.47.08-300x300.jpeg\" alt=\"\" width=\"300\" height=\"300\" srcset=\"https:\/\/cofecon.org.br\/cofecon\/wp-content\/uploads\/2020\/11\/WhatsApp-Image-2020-11-24-at-13.47.08-300x300.jpeg 300w, https:\/\/cofecon.org.br\/cofecon\/wp-content\/uploads\/2020\/11\/WhatsApp-Image-2020-11-24-at-13.47.08-1024x1024.jpeg 1024w, https:\/\/cofecon.org.br\/cofecon\/wp-content\/uploads\/2020\/11\/WhatsApp-Image-2020-11-24-at-13.47.08-150x150.jpeg 150w, https:\/\/cofecon.org.br\/cofecon\/wp-content\/uploads\/2020\/11\/WhatsApp-Image-2020-11-24-at-13.47.08-768x768.jpeg 768w, https:\/\/cofecon.org.br\/cofecon\/wp-content\/uploads\/2020\/11\/WhatsApp-Image-2020-11-24-at-13.47.08-800x800.jpeg 800w, https:\/\/cofecon.org.br\/cofecon\/wp-content\/uploads\/2020\/11\/WhatsApp-Image-2020-11-24-at-13.47.08-250x250.jpeg 250w, https:\/\/cofecon.org.br\/cofecon\/wp-content\/uploads\/2020\/11\/WhatsApp-Image-2020-11-24-at-13.47.08.jpeg 1280w\" sizes=\"(max-width: 300px) 100vw, 300px\" \/>J\u00e1 a\u00a0 presidente do Conselho Regional de Economia de Minas Gerais (Corecon-MG), Tania Cristina Teixeira, ministrar\u00e1 uma palestra sobre &#8220;Finan\u00e7as Pessoais. Se organizar, n\u00e3o vai faltar&#8221;. A apresenta\u00e7\u00e3o ser\u00e1 no dia 10 de dezembro, quinta-feira, \u00e0s 18h, com transmiss\u00e3o no canal do Cofecon no Youtube &#8211; www.youtube.com\/c\/Cofecon.<\/p>\n<div id=\"panel-49-0-0-0\" class=\"so-panel widget widget_sow-editor panel-first-child\" data-index=\"0\">\n<div class=\"so-widget-sow-editor so-widget-sow-editor-base\">\n<div class=\"siteorigin-widget-tinymce textwidget\">\n<p>Graduada em Ci\u00eancias Econ\u00f4micas pela Pontif\u00edcia Universidade Cat\u00f3lica de Minas Gerais (1984), mestre em Ci\u00eancia Pol\u00edtica pela Universidade Federal de Minas Gerais (1995) e em Master-DEA pela Universidade de Valencia (2003) e doutora em Economia Aplicada pela Universidad de Valencia &#8211; Espa\u00f1a. Atualmente \u00e9 pesquisadora do Nutra\/Proex-PUCMinas. Professora da Pontif\u00edcia Universidade Cat\u00f3lica de Minas Gerais (PUC-Minas) dos cursos de Economia, Direito e Turismo. Tem experi\u00eancia na \u00e1rea de Economia da Tecnologia, Economia do Trabalho, com \u00eanfase em Pol\u00edticas e Programas de Bem-Estar Social, atuando principalmente nos seguintes temas: desenvolvimento, precariedade e flexibilidade laboral, novas tecnologias da comunica\u00e7\u00e3o e da Informa\u00e7\u00e3o (TICs), economia do turismo e da cultura, tecnologias sociais, economia social, economia internacional e comparada.<strong style=\"font-size: inherit;\">\u00a0 \u00a0<\/strong><\/p>\n<\/div>\n<\/div>\n<\/div>\n<p>\u00a0<\/p>\n","protected":false},"excerpt":{"rendered":"","protected":false},"author":1,"featured_media":13377,"comment_status":"closed","ping_status":"closed","sticky":false,"template":"","format":"standard","meta":{"footnotes":""},"categories":[2],"tags":[],"class_list":["post-13370","post","type-post","status-publish","format-standard","has-post-thumbnail","hentry","category-noticias"],"_links":{"self":[{"href":"https:\/\/cofecon.org.br\/cofecon\/index.php?rest_route=\/wp\/v2\/posts\/13370"}],"collection":[{"href":"https:\/\/cofecon.org.br\/cofecon\/index.php?rest_route=\/wp\/v2\/posts"}],"about":[{"href":"https:\/\/cofecon.org.br\/cofecon\/index.php?rest_route=\/wp\/v2\/types\/post"}],"author":[{"embeddable":true,"href":"https:\/\/cofecon.org.br\/cofecon\/index.php?rest_route=\/wp\/v2\/users\/1"}],"replies":[{"embeddable":true,"href":"https:\/\/cofecon.org.br\/cofecon\/index.php?rest_route=%2Fwp%2Fv2%2Fcomments&post=13370"}],"version-history":[{"count":0,"href":"https:\/\/cofecon.org.br\/cofecon\/index.php?rest_route=\/wp\/v2\/posts\/13370\/revisions"}],"wp:featuredmedia":[{"embeddable":true,"href":"https:\/\/cofecon.org.br\/cofecon\/index.php?rest_route=\/wp\/v2\/media\/13377"}],"wp:attachment":[{"href":"https:\/\/cofecon.org.br\/cofecon\/index.php?rest_route=%2Fwp%2Fv2%2Fmedia&parent=13370"}],"wp:term":[{"taxonomy":"category","embeddable":true,"href":"https:\/\/cofecon.org.br\/cofecon\/index.php?rest_route=%2Fwp%2Fv2%2Fcategories&post=13370"},{"taxonomy":"post_tag","embeddable":true,"href":"https:\/\/cofecon.org.br\/cofecon\/index.php?rest_route=%2Fwp%2Fv2%2Ftags&post=13370"}],"curies":[{"name":"wp","href":"https:\/\/api.w.org\/{rel}","templated":true}]}}