{"id":1327,"date":"2017-01-12T10:35:22","date_gmt":"2017-01-12T12:35:22","guid":{"rendered":"http:\/\/www.cofecon.org.br\/?p=1327"},"modified":"2017-01-12T10:35:22","modified_gmt":"2017-01-12T12:35:22","slug":"febeapa","status":"publish","type":"post","link":"https:\/\/cofecon.org.br\/cofecon\/?p=1327","title":{"rendered":"Artigo &#8211; Febeap\u00e1"},"content":{"rendered":"<p style=\"text-align: justify;\">Parece que o Brasil, neste in\u00edcio de 2017, resolveu homenagear o grande jornalista e cronista Sergio Porto, mais conhecido pelo pseud\u00f4nimo Stanislaw Ponte Preta, que completaria 94 anos em 11 de janeiro, caso n\u00e3o falecesse precocemente em 1968. Criador do Febeap\u00e1 (Festival de Besteiras que Assola o Pa\u00eds), Porto teria neste in\u00edcio de ano vasto material para suas \u00e1cidas e divertidas cr\u00f4nicas.<\/p>\n<p style=\"text-align: justify;\">A come\u00e7ar pelo festival de besteiras ditas por autoridades p\u00fablicas, na sequ\u00eancia das chacinas de mais de 100 presos nas penitenci\u00e1rias de Manaus e Boa Vista. Iniciando por Temer, que caracterizou a chacina como acidente, e passando pelas desculpas esfarrapadas formuladas pelos governadores do Amazonas e de Roraima e a afirma\u00e7\u00e3o do Ministro da Justi\u00e7a de que a situa\u00e7\u00e3o n\u00e3o havia sa\u00eddo de controle. Talvez quisesse dizer que n\u00e3o sa\u00edra do controle do PCC e do CV.<\/p>\n<p style=\"text-align: justify;\">Mas foi o jovem Bruno J\u00falio, Secret\u00e1rio Nacional da Juventude de Temer, filho do deputado estadual Cabo J\u00falio (PMDB\/MG), que se encarregou de proferir a besteira mor, afirmando que &#8220;tinha que haver uma chacina por semana&#8221;. Nomeado pelo ex-ministro Geddel (est\u00e1 explicado), o jovem e tolo secret\u00e1rio expressou o pensamento de milhares de idiotas que diariamente inundam as redes sociais com frases similares, desconhecendo que cerca de 70% dos 700 mil presos n\u00e3o passam de \u201cladr\u00f5es de galinha\u201d e que perto de 40% n\u00e3o foram julgados ou j\u00e1 cumpriram a pena e continuam presos por falhas de um sistema judici\u00e1rio que se lixa para os pobres.<\/p>\n<p style=\"text-align: justify;\">Sergio Porto tamb\u00e9m se deliciaria com a \u201copera\u00e7\u00e3o tabajara\u201d do Caixa 2 da campanha do chanceler Jos\u00e9 Serra em 2010, na qual a Odebrecht doou R$ 23 milh\u00f5es, mas o dinheiro foi \u201cadiantado\u201d pelo ex-deputado federal tucano Ronaldo Cesar Coelho e este recebeu da empreiteira em uma conta na Su\u00ed\u00e7a. N\u00e3o parou por a\u00ed: Coelho \u201cregularizou a propina\u201d aderindo ao programa de repatria\u00e7\u00e3o de ativos no exterior (optando por manter o dinheiro fora do Pa\u00eds). Que falta faz Stanislaw Ponte Preta!<\/p>\n<hr \/>\n<p style=\"text-align: justify;\">(*) J\u00falio Miragaya, presidente do Conselho Federal de Economia.<\/p>\n","protected":false},"excerpt":{"rendered":"<p>Parece que o Brasil, neste in\u00edcio de 2017, resolveu homenagear o grande jornalista e cronista Sergio Porto, mais conhecido pelo pseud\u00f4nimo Stanislaw Ponte Preta, que completaria 94 anos em 11 de janeiro, caso n\u00e3o falecesse precocemente em 1968. Criador do<\/p>\n<p><a class=\"more-link\" href=\"https:\/\/cofecon.org.br\/cofecon\/?p=1327\">Leia Mais<\/a><\/p>\n","protected":false},"author":1,"featured_media":0,"comment_status":"open","ping_status":"open","sticky":false,"template":"","format":"standard","meta":{"footnotes":""},"categories":[6],"tags":[],"class_list":["post-1327","post","type-post","status-publish","format-standard","hentry","category-artigo"],"_links":{"self":[{"href":"https:\/\/cofecon.org.br\/cofecon\/index.php?rest_route=\/wp\/v2\/posts\/1327"}],"collection":[{"href":"https:\/\/cofecon.org.br\/cofecon\/index.php?rest_route=\/wp\/v2\/posts"}],"about":[{"href":"https:\/\/cofecon.org.br\/cofecon\/index.php?rest_route=\/wp\/v2\/types\/post"}],"author":[{"embeddable":true,"href":"https:\/\/cofecon.org.br\/cofecon\/index.php?rest_route=\/wp\/v2\/users\/1"}],"replies":[{"embeddable":true,"href":"https:\/\/cofecon.org.br\/cofecon\/index.php?rest_route=%2Fwp%2Fv2%2Fcomments&post=1327"}],"version-history":[{"count":0,"href":"https:\/\/cofecon.org.br\/cofecon\/index.php?rest_route=\/wp\/v2\/posts\/1327\/revisions"}],"wp:attachment":[{"href":"https:\/\/cofecon.org.br\/cofecon\/index.php?rest_route=%2Fwp%2Fv2%2Fmedia&parent=1327"}],"wp:term":[{"taxonomy":"category","embeddable":true,"href":"https:\/\/cofecon.org.br\/cofecon\/index.php?rest_route=%2Fwp%2Fv2%2Fcategories&post=1327"},{"taxonomy":"post_tag","embeddable":true,"href":"https:\/\/cofecon.org.br\/cofecon\/index.php?rest_route=%2Fwp%2Fv2%2Ftags&post=1327"}],"curies":[{"name":"wp","href":"https:\/\/api.w.org\/{rel}","templated":true}]}}