{"id":13087,"date":"2020-10-26T08:04:22","date_gmt":"2020-10-26T11:04:22","guid":{"rendered":"https:\/\/www.cofecon.org.br\/?p=13087"},"modified":"2020-10-26T08:04:22","modified_gmt":"2020-10-26T11:04:22","slug":"artigo-camaleao-no-buriti","status":"publish","type":"post","link":"https:\/\/cofecon.org.br\/cofecon\/?p=13087","title":{"rendered":"Artigo &#8211; Camale\u00e3o no Buriti"},"content":{"rendered":"\n<p>Por J\u00falio Miragaya, doutor em Desenvolvimento Econ\u00f4mico Sustent\u00e1vel e ex-presidente da Codeplan e do Conselho Federal de Economia.<\/p>\n<p>Causou indigna\u00e7\u00e3o no meio sindical de Bras\u00edlia recente discurso proferido pelo governador Ibaneis Rocha aos moradores do Sol Nascente, no qual atacou violentamente os sindicalistas eletricit\u00e1rios, afirmando, entre outros disparates, que a popula\u00e7\u00e3o pobre n\u00e3o tem energia por que o dinheiro ficou nas m\u00e3os de meia d\u00fazia de sindicalistas que ficaram com os bolsos cheios. De duas, uma: ou o governador &#8211; que fez fortuna defendendo causas trabalhistas para diversos sindicatos &#8211; prova suas acusa\u00e7\u00f5es ou tudo n\u00e3o passar\u00e1 de demagogia, cortina de fuma\u00e7a para sua absurda inten\u00e7\u00e3o de privatizar (doar) a CEB.<\/p>\n<p>N\u00e3o \u00e9 a primeira vez que age de forma leviana. \u00a0Na campanha eleitoral criticou Rollemberg pela privatiza\u00e7\u00e3o do Hospital de Base, mas t\u00e3o logo assumiu o GDF, aprofundou o processo de privatiza\u00e7\u00e3o da sa\u00fade, delegando a gest\u00e3o de hospitais a Organiza\u00e7\u00f5es Sociais. Num debate na TV, prometeu que, caso eleito, geraria nos seis primeiros meses de governo 100 mil empregos com carteira. Eu o alertei que tal promessa era imposs\u00edvel de ser realizada, pois no DF havia 577 mil postos de trabalho com carteira, e que 100 mil postos de trabalho significaria um crescimento de 17% em seis meses numa economia que crescia 1% ao ano. Mas demagogicamente insistiu na promessa e de mim ganhou a alcunha de \u201cInganeis Rocha\u201d. N\u00e3o injustamente: Seis meses depois havia onze mil postos de trabalho a menos, que se tornaram 50 mil a menos em mar\u00e7o de 2020 (ainda antes da pandemia) e que hoje s\u00e3o 85 mil a menos. Deve hoje, portanto, 185 mil postos de trabalho ao povo.<\/p>\n<p>Ibaneis Rocha, na condi\u00e7\u00e3o de advogado, sabe muito bem o significado da palavra estelionato, que consta do cap\u00edtulo VI do C\u00f3digo Penal Brasileiro como Artigo 171, assim definido: \u201cobter, para si ou para outrem, vantagem il\u00edcita, em preju\u00edzo alheio, induzindo ou mantendo algu\u00e9m em erro, mediante artif\u00edcio, ardil, ou qualquer outro meio fraudulento\u201d. Mas sabe tamb\u00e9m que o crime de estelionato envolve apenas os crimes contra o patrim\u00f4nio, embora o logro, a conduta ardilosa, n\u00e3o ocorra apenas na esfera patrimonial, sendo muito comum na pol\u00edtica. Embora h\u00e1 anos tramitem no parlamento projetos que criminalizam o estelionato eleitoral, nenhum ainda foi aprovado, ou seja, estelionato eleitoral n\u00e3o \u00e9 crime.<\/p>\n<p>O governador Ibaneis pode n\u00e3o ter cometido crime, mas fazer acusa\u00e7\u00f5es demag\u00f3gicas ou iludir o eleitor \u00e9 uma das pr\u00e1ticas mais abomin\u00e1veis da pol\u00edtica brasileira. O que o governador talvez n\u00e3o saiba \u00e9 que estelionato prov\u00e9m do latim stellio, lagarto que muda de cor para iludir os insetos, o nosso conhecido camale\u00e3o. S\u00f3 que os r\u00e9pteis subsistem h\u00e1 100 milh\u00f5es de anos, mas os da pol\u00edtica costumam n\u00e3o sobreviver a quatro.<\/p>\n<p>\u00a0<\/p>\n<hr \/>\n<p><em>*O artigo traz a vis\u00e3o do autor e n\u00e3o necessariamente expressa a opini\u00e3o do Cofecon.<\/em><\/p>\n<p>\u00a0<\/p>\n<p>\u00a0<\/p>\n<p>\u00a0<\/p>\n","protected":false},"excerpt":{"rendered":"","protected":false},"author":1,"featured_media":13089,"comment_status":"closed","ping_status":"closed","sticky":false,"template":"","format":"standard","meta":{"footnotes":""},"categories":[6],"tags":[],"class_list":["post-13087","post","type-post","status-publish","format-standard","has-post-thumbnail","hentry","category-artigo"],"_links":{"self":[{"href":"https:\/\/cofecon.org.br\/cofecon\/index.php?rest_route=\/wp\/v2\/posts\/13087"}],"collection":[{"href":"https:\/\/cofecon.org.br\/cofecon\/index.php?rest_route=\/wp\/v2\/posts"}],"about":[{"href":"https:\/\/cofecon.org.br\/cofecon\/index.php?rest_route=\/wp\/v2\/types\/post"}],"author":[{"embeddable":true,"href":"https:\/\/cofecon.org.br\/cofecon\/index.php?rest_route=\/wp\/v2\/users\/1"}],"replies":[{"embeddable":true,"href":"https:\/\/cofecon.org.br\/cofecon\/index.php?rest_route=%2Fwp%2Fv2%2Fcomments&post=13087"}],"version-history":[{"count":0,"href":"https:\/\/cofecon.org.br\/cofecon\/index.php?rest_route=\/wp\/v2\/posts\/13087\/revisions"}],"wp:featuredmedia":[{"embeddable":true,"href":"https:\/\/cofecon.org.br\/cofecon\/index.php?rest_route=\/wp\/v2\/media\/13089"}],"wp:attachment":[{"href":"https:\/\/cofecon.org.br\/cofecon\/index.php?rest_route=%2Fwp%2Fv2%2Fmedia&parent=13087"}],"wp:term":[{"taxonomy":"category","embeddable":true,"href":"https:\/\/cofecon.org.br\/cofecon\/index.php?rest_route=%2Fwp%2Fv2%2Fcategories&post=13087"},{"taxonomy":"post_tag","embeddable":true,"href":"https:\/\/cofecon.org.br\/cofecon\/index.php?rest_route=%2Fwp%2Fv2%2Ftags&post=13087"}],"curies":[{"name":"wp","href":"https:\/\/api.w.org\/{rel}","templated":true}]}}