{"id":12950,"date":"2020-10-14T15:00:22","date_gmt":"2020-10-14T18:00:22","guid":{"rendered":"https:\/\/www.cofecon.org.br\/?p=12950"},"modified":"2020-10-14T15:00:22","modified_gmt":"2020-10-14T18:00:22","slug":"puc-sp-realiza-xviii-semana-de-economia","status":"publish","type":"post","link":"https:\/\/cofecon.org.br\/cofecon\/?p=12950","title":{"rendered":"PUC-SP realiza XVIII Semana de Economia"},"content":{"rendered":"\n<p><img loading=\"lazy\" decoding=\"async\" class=\"alignleft wp-image-12972 size-medium\" src=\"https:\/\/www.cofecon.org.br\/wp-content\/uploads\/2020\/10\/WhatsApp-Image-2020-10-14-at-18.29.18-300x300.jpeg\" alt=\"\" width=\"300\" height=\"300\" srcset=\"https:\/\/cofecon.org.br\/cofecon\/wp-content\/uploads\/2020\/10\/WhatsApp-Image-2020-10-14-at-18.29.18-300x300.jpeg 300w, https:\/\/cofecon.org.br\/cofecon\/wp-content\/uploads\/2020\/10\/WhatsApp-Image-2020-10-14-at-18.29.18-150x150.jpeg 150w, https:\/\/cofecon.org.br\/cofecon\/wp-content\/uploads\/2020\/10\/WhatsApp-Image-2020-10-14-at-18.29.18-768x768.jpeg 768w, https:\/\/cofecon.org.br\/cofecon\/wp-content\/uploads\/2020\/10\/WhatsApp-Image-2020-10-14-at-18.29.18-800x800.jpeg 800w, https:\/\/cofecon.org.br\/cofecon\/wp-content\/uploads\/2020\/10\/WhatsApp-Image-2020-10-14-at-18.29.18-250x250.jpeg 250w, https:\/\/cofecon.org.br\/cofecon\/wp-content\/uploads\/2020\/10\/WhatsApp-Image-2020-10-14-at-18.29.18.jpeg 1000w\" sizes=\"(max-width: 300px) 100vw, 300px\" \/>Est\u00e3o abertas as inscri\u00e7\u00f5es para a XVIII Semana de Economia da Pontif\u00edcia Universidade Cat\u00f3lica de S\u00e3o Paulo (PUC-SP). Neste ano, o evento ocorrer\u00e1 exclusivamente em formato virtual, de 20 a 22 de outubro, e as atividades incluem palestras, minicursos e mesas de comunica\u00e7\u00e3o. As inscri\u00e7\u00f5es s\u00e3o gratuitas e devem ser feitas at\u00e9 o dia 18 de outubro em <a href=\"https:\/\/www.pucsp.br\/xviii-semana-de-economia\"><strong>https:\/\/www.pucsp.br\/xviii-semana-de-economia<\/strong><\/a>. As vagas s\u00e3o limitadas.<\/p>\n<p>O presidente do Cofecon, Antonio Corr\u00eaa de Lacerda, diretor da FEA\/PUC-SP, participar\u00e1 da mesa de abertura, no dia 20 das 19h30 \u00e0s 22h30, que ter\u00e1 como tema &#8220;Perspectivas para a Economia Brasileira e a Reforma Tribut\u00e1ria&#8221;. Os economistas Bernard Appy e Eduardo Fagnani tamb\u00e9m discutir\u00e3o o assunto, com media\u00e7\u00e3o de Rubens Sawaya.<\/p>\n<p>O tema central do evento \u00e9 &#8220;Perspectivas para a economia brasileira p\u00f3s pandemia&#8221;, que ser\u00e1 abordado com diferentes enfoques ao longo da programa\u00e7\u00e3o. Entre os destaques da Semana de Economia est\u00e1 a homenagem ao centen\u00e1rio de nascimento de Celso Furtado, comemorado neste ano. No dia 20, das 8h30 \u00e0s 11h, os economistas Julio M. Pires, Rosa Vieira Berriel e Regina Gadelha discutir\u00e3o a atualidade do pensamento furtadiano, com media\u00e7\u00e3o de Maria Aparecida de Paula Rago.<\/p>\n<p>\u00a0<\/p>\n<p>Confira, abaixo, a programa\u00e7\u00e3o completa:<\/p>\n<p>20\/10, das 8:30 \u00e0s 11:00<br \/>Centen\u00e1rio de Celso Furtado: atualidade do pensamento furtadiano<br \/>Participantes: Maria Aparecida de Paula Rago (mediadora), Julio M. Pires, Rosa Vieira Berriel e Regina Gadelha.<\/p>\n<p>20\/10, das 11:30 \u00e0s 13:00<br \/>Mesa de comunica\u00e7\u00e3o: Atividades Estudantis<br \/>Oikos PUC-SP<\/p>\n<p>20\/10, das 17:30 \u00e0s 19:00<br \/>Minicurso de Excel &#8211; Castes Consultoria e Treinamento<br \/>Lan\u00e7amentos e debate de livros &#8211; a confirmar<\/p>\n<p>20\/10, das 19:30 \u00e0s 22:30<br \/>Perspectivas para a Economia Brasileira e a Reforma Tribut\u00e1ria<br \/>Participantes: Rubens Sawaya (mediador), Bernard Appy, Eduardo Fagnani e Antonio Corr\u00eaa de Lacerda.<\/p>\n<p>21\/10, das 8:30 \u00e0s 11:00<br \/>Globaliza\u00e7\u00e3o em crise: o futuro das rela\u00e7\u00f5es internacionais<br \/>Participantes: Camila Kimie Ugino (mediadora), Cristina Soreano Pecequilo, Elias Jabbour, Guilherme Stolle P. Casar\u00f5es e Jason Borba.<\/p>\n<p>21\/10, das 11:30 \u00e0s 13:00<br \/>Mesa de comunica\u00e7\u00e3o &#8211; a definir<br \/>Minicurso de excel &#8211; Castes Consultoria e Treinamento<\/p>\n<p>21\/10, das 17:30 \u00e0s 19:00<br \/>Minicurso: Introdu\u00e7\u00e3o \u00e0 Avalia\u00e7\u00e3o de Programas Sociais &#8211; Claudia Cavalieri<\/p>\n<p>21\/10, das 19:30 \u00e0s 22:30<br \/>A Sa\u00fade P\u00fablica e o Capitalismo no Enfrentamento da Covid-19<br \/>Participantes: Mariana Jansen (mediadora), Rosa Marques, Francisco Funcia e \u00c1guilas Mendes.<\/p>\n<p>22\/10, das 8:30 \u00e0s 11:00<br \/>Capitalismo e Quest\u00e3o Ambiental<br \/>Participantes: Leslie Denise Beloque (mediadora), Luiz Marques, Jacques Demajorovic e Ladislau Dowbor.<\/p>\n<p>22\/10, das 11:30 \u00e0s 13:00<br \/>Mesa de Comunica\u00e7\u00e3o &#8211; a definir<br \/>Minicurso &#8211; A definir<\/p>\n<p>22\/10, das 17:30 \u00e0s 19:00<br \/>Mesa de Comunica\u00e7\u00e3o &#8211; a definir<br \/>Minicurso: Fundamentos da Teoria Macroecon\u00f4mica da Crise &#8211; Rubens Sawaya.<\/p>\n<p>22\/10, das 19:30 \u00e0s 22:30<br \/>Infraestrutura 2020: Novas Regula\u00e7\u00f5es e impactos econ\u00f4micos<br \/>Participantes: Rog\u00e9rio Cesar de Souza (mediador), Jos\u00e9 Geraldo Portugal, Virginia Parente, Victor Oszenski e Renata Moura.<\/p>\n","protected":false},"excerpt":{"rendered":"","protected":false},"author":1,"featured_media":12951,"comment_status":"closed","ping_status":"closed","sticky":false,"template":"","format":"standard","meta":{"footnotes":""},"categories":[2],"tags":[],"class_list":["post-12950","post","type-post","status-publish","format-standard","has-post-thumbnail","hentry","category-noticias"],"_links":{"self":[{"href":"https:\/\/cofecon.org.br\/cofecon\/index.php?rest_route=\/wp\/v2\/posts\/12950"}],"collection":[{"href":"https:\/\/cofecon.org.br\/cofecon\/index.php?rest_route=\/wp\/v2\/posts"}],"about":[{"href":"https:\/\/cofecon.org.br\/cofecon\/index.php?rest_route=\/wp\/v2\/types\/post"}],"author":[{"embeddable":true,"href":"https:\/\/cofecon.org.br\/cofecon\/index.php?rest_route=\/wp\/v2\/users\/1"}],"replies":[{"embeddable":true,"href":"https:\/\/cofecon.org.br\/cofecon\/index.php?rest_route=%2Fwp%2Fv2%2Fcomments&post=12950"}],"version-history":[{"count":0,"href":"https:\/\/cofecon.org.br\/cofecon\/index.php?rest_route=\/wp\/v2\/posts\/12950\/revisions"}],"wp:featuredmedia":[{"embeddable":true,"href":"https:\/\/cofecon.org.br\/cofecon\/index.php?rest_route=\/wp\/v2\/media\/12951"}],"wp:attachment":[{"href":"https:\/\/cofecon.org.br\/cofecon\/index.php?rest_route=%2Fwp%2Fv2%2Fmedia&parent=12950"}],"wp:term":[{"taxonomy":"category","embeddable":true,"href":"https:\/\/cofecon.org.br\/cofecon\/index.php?rest_route=%2Fwp%2Fv2%2Fcategories&post=12950"},{"taxonomy":"post_tag","embeddable":true,"href":"https:\/\/cofecon.org.br\/cofecon\/index.php?rest_route=%2Fwp%2Fv2%2Ftags&post=12950"}],"curies":[{"name":"wp","href":"https:\/\/api.w.org\/{rel}","templated":true}]}}