{"id":12815,"date":"2020-09-24T14:02:15","date_gmt":"2020-09-24T17:02:15","guid":{"rendered":"https:\/\/www.cofecon.org.br\/?p=12815"},"modified":"2020-09-24T14:02:15","modified_gmt":"2020-09-24T17:02:15","slug":"40-anos-do-corecon-pb-encontro-de-pericia-economico-financeira-intercorecons-pb-pe-e-rn","status":"publish","type":"post","link":"https:\/\/cofecon.org.br\/cofecon\/?p=12815","title":{"rendered":"40 anos do Corecon-PB: Encontro de Per\u00edcia Econ\u00f4mico-Financeira InterCorecons PB, PE e RN"},"content":{"rendered":"\n<p><img loading=\"lazy\" decoding=\"async\" class=\"wp-image-12816 size-medium alignleft\" src=\"https:\/\/www.cofecon.org.br\/wp-content\/uploads\/2020\/09\/WhatsApp-Image-2020-09-24-at-05.39.43-1-300x300.jpeg\" alt=\"\" width=\"300\" height=\"300\" srcset=\"https:\/\/cofecon.org.br\/cofecon\/wp-content\/uploads\/2020\/09\/WhatsApp-Image-2020-09-24-at-05.39.43-1-300x300.jpeg 300w, https:\/\/cofecon.org.br\/cofecon\/wp-content\/uploads\/2020\/09\/WhatsApp-Image-2020-09-24-at-05.39.43-1-1024x1024.jpeg 1024w, https:\/\/cofecon.org.br\/cofecon\/wp-content\/uploads\/2020\/09\/WhatsApp-Image-2020-09-24-at-05.39.43-1-150x150.jpeg 150w, https:\/\/cofecon.org.br\/cofecon\/wp-content\/uploads\/2020\/09\/WhatsApp-Image-2020-09-24-at-05.39.43-1-768x768.jpeg 768w, https:\/\/cofecon.org.br\/cofecon\/wp-content\/uploads\/2020\/09\/WhatsApp-Image-2020-09-24-at-05.39.43-1-800x800.jpeg 800w, https:\/\/cofecon.org.br\/cofecon\/wp-content\/uploads\/2020\/09\/WhatsApp-Image-2020-09-24-at-05.39.43-1-250x250.jpeg 250w, https:\/\/cofecon.org.br\/cofecon\/wp-content\/uploads\/2020\/09\/WhatsApp-Image-2020-09-24-at-05.39.43-1.jpeg 1280w\" sizes=\"(max-width: 300px) 100vw, 300px\" \/>Entre as comemora\u00e7\u00f5es pelos 40 anos do Conselho Regional de Economia da Para\u00edba (Corecon-PB),\u00a0 os Conselhos Regionais de Economia dos Estados da Para\u00edba, Pernambuco e Rio Grande do Norte promovem o encontro de Per\u00edcia Econ\u00f4mico-Financeira nesta quinta-feira, 24 de setembro, \u00e0s 20h. A transmiss\u00e3o ocorrer\u00e1 pelo Youtube, em <a href=\"https:\/\/youtu.be\/0KtwugONmlE\"><strong>https:\/\/youtu.be\/0KtwugONmlE<\/strong><\/a><\/p>\n<p>Estar\u00e3o presentes o Presidente do Sindicato dos Economistas no Estado de S\u00e3o Paulo (SINDECON-SP) e Vice-Presidente do Conselho Regional de Economia do Corecon-SP, Pedro Afonso Gomes; e os Presidentes Celso Pinto Mangueira (Corecon-PB), Ana Cl\u00e1udia Arruda (Corecon-PE) e Ricardo Val\u00e9rio (Corecon-RN), al\u00e9m dos economistas peritos dos tr\u00eas estados citados.<\/p>\n<p>O economista Pedro Afonso ir\u00e1 abordar as oportunidades de trabalho na per\u00edcia e tamb\u00e9m haver\u00e1 depoimentos e intera\u00e7\u00e3o dos peritos Ang\u00e9lica Nunes e Severino Ferreira, de Pernambuco; La\u00e9rcio Cerqueira e Euro Fernando, da Para\u00edba; e Robespierre Barreto e Gabriel de Ara\u00fajo, do Rio Grande do Norte.<\/p>\n<p>Pedro Afonso Gomes \u00e9 Graduado em Ci\u00eancias Econ\u00f4micas, com P\u00f3s-Gradua\u00e7\u00e3o em Mercado de Capitais, Direito Empresarial e Estrat\u00e9gia Empresarial. Atua como Perito, Avaliador, Auditor, Consultor, Gestor e Negociador h\u00e1 um quarto de s\u00e9culo. Contribuiu para a forma\u00e7\u00e3o de mais de 2.000 peritos, em todo o Brasil. Ministrou\/a palestras e workshops para centenas de advogados, magistrados, empres\u00e1rios e executivos. Foi funcion\u00e1rio do Banco do Brasil S\/A por 15 anos, deixando a institui\u00e7\u00e3o por ades\u00e3o a PDV, ap\u00f3s exercer fun\u00e7\u00f5es t\u00e9cnicas, de assessoria e alta administra\u00e7\u00e3o e a presid\u00eancia da associa\u00e7\u00e3o dos gerentes de ag\u00eancias do BB no Estado de S\u00e3o Paulo. \u00c9 o atual Presidente do Sindicato dos Economistas no Estado de S\u00e3o Paulo (SINDECON-SP) e o Vice-Presidente do Conselho Regional de Economia da 2\u00aa. Regi\u00e3o (CORECON-SP), bem como Diretor Executivo da C\u00e2mara de Arbitragem, Media\u00e7\u00e3o, Avalia\u00e7\u00e3o e Per\u00edcia Econ\u00f4mico-Financeira. Foi Presidente do Conselho Regional de Economia da 2\u00aa. Regi\u00e3o \u2013 S\u00e3o Paulo e Coordenador Geral do II Encontro Brasileiro de Per\u00edcia, Avalia\u00e7\u00e3o e Auditoria Econ\u00f4mico-Financeira. \u00c9 membro das Comiss\u00f5es de Normas e Legisla\u00e7\u00e3o e de Per\u00edcia do Conselho Federal de Economia<\/p>\n<p>\u00a0<\/p>\n","protected":false},"excerpt":{"rendered":"","protected":false},"author":1,"featured_media":12817,"comment_status":"closed","ping_status":"closed","sticky":false,"template":"","format":"standard","meta":{"footnotes":""},"categories":[4,2],"tags":[],"class_list":["post-12815","post","type-post","status-publish","format-standard","has-post-thumbnail","hentry","category-corecons-em-movimento","category-noticias"],"_links":{"self":[{"href":"https:\/\/cofecon.org.br\/cofecon\/index.php?rest_route=\/wp\/v2\/posts\/12815"}],"collection":[{"href":"https:\/\/cofecon.org.br\/cofecon\/index.php?rest_route=\/wp\/v2\/posts"}],"about":[{"href":"https:\/\/cofecon.org.br\/cofecon\/index.php?rest_route=\/wp\/v2\/types\/post"}],"author":[{"embeddable":true,"href":"https:\/\/cofecon.org.br\/cofecon\/index.php?rest_route=\/wp\/v2\/users\/1"}],"replies":[{"embeddable":true,"href":"https:\/\/cofecon.org.br\/cofecon\/index.php?rest_route=%2Fwp%2Fv2%2Fcomments&post=12815"}],"version-history":[{"count":0,"href":"https:\/\/cofecon.org.br\/cofecon\/index.php?rest_route=\/wp\/v2\/posts\/12815\/revisions"}],"wp:featuredmedia":[{"embeddable":true,"href":"https:\/\/cofecon.org.br\/cofecon\/index.php?rest_route=\/wp\/v2\/media\/12817"}],"wp:attachment":[{"href":"https:\/\/cofecon.org.br\/cofecon\/index.php?rest_route=%2Fwp%2Fv2%2Fmedia&parent=12815"}],"wp:term":[{"taxonomy":"category","embeddable":true,"href":"https:\/\/cofecon.org.br\/cofecon\/index.php?rest_route=%2Fwp%2Fv2%2Fcategories&post=12815"},{"taxonomy":"post_tag","embeddable":true,"href":"https:\/\/cofecon.org.br\/cofecon\/index.php?rest_route=%2Fwp%2Fv2%2Ftags&post=12815"}],"curies":[{"name":"wp","href":"https:\/\/api.w.org\/{rel}","templated":true}]}}