{"id":12662,"date":"2020-09-16T09:35:13","date_gmt":"2020-09-16T12:35:13","guid":{"rendered":"https:\/\/www.cofecon.org.br\/?p=12662"},"modified":"2020-09-16T09:35:13","modified_gmt":"2020-09-16T12:35:13","slug":"ultimos-dias-para-acessar-a-oficina-introducao-a-economia-da-oralidade","status":"publish","type":"post","link":"https:\/\/cofecon.org.br\/cofecon\/?p=12662","title":{"rendered":"\u00daltimos dias para acessar a oficina Introdu\u00e7\u00e3o \u00e0 Economia da Oralidade"},"content":{"rendered":"\n<p><img loading=\"lazy\" decoding=\"async\" class=\"size-full wp-image-12666 alignleft\" src=\"https:\/\/www.cofecon.org.br\/wp-content\/uploads\/2020\/09\/oralidade.jpg\" alt=\"\" width=\"350\" height=\"250\" srcset=\"https:\/\/cofecon.org.br\/cofecon\/wp-content\/uploads\/2020\/09\/oralidade.jpg 350w, https:\/\/cofecon.org.br\/cofecon\/wp-content\/uploads\/2020\/09\/oralidade-300x214.jpg 300w\" sizes=\"(max-width: 350px) 100vw, 350px\" \/>O economista e jornalista Jorge Cury Neto apresentou, de 14 de julho a 04 de agosto, a oficina gratuita \u201cIntrodu\u00e7\u00e3o \u00e0 Economia da Oralidade\u201d. As aulas ocorreram ao vivo, no canal do Cofecon no Youtube e est\u00e3o dispon\u00edveis at\u00e9 o dia 04 de outubro na plataforma EAD do Cofecon \u2013 www.cofecon.org.br\/ead<\/p>\n<p>A economia da oralidade \u00e9 um campo que trata da express\u00e3o oral como elemento econ\u00f4mico. Como campo do conhecimento, \u00e9 dedicado ao estudo transdisciplinar aplicado ao pleno uso econ\u00f4mico da oralidade e suas implica\u00e7\u00f5es sociais, pol\u00edticas, culturais, tecnol\u00f3gicas e educacionais. J\u00e1 o processo de voice design \u00e9 a aplica\u00e7\u00e3o pr\u00e1tica da economia da oralidade, o projeto e planejamento da voz e, por extens\u00e3o, o planejamento do ato de fala capaz de gerar credibilidade e consequentes resultados econ\u00f4micos.<\/p>\n<p>A primeira aula aborda \u201cO que \u00e9 a Economia da Oralidade, Aus\u00eancia do ensino da Oralidade, e Impacto econ\u00f4mico da Oralidade\u201d. No segundo encontro, \u00e9 apresentado o tema \u201cOralidade como fonte primal da economia, Atos de fala \u2013 Todo o dizer \u00e9 um fazer, e Como gerar riqueza pela Economia da Oralidade\u201d.<\/p>\n<p>Na terceira aula os participantes conhecer\u00e3o os temas \u201cMarca vocal para construir a marca pessoal; Monitoramento da fala planejada, e Administra\u00e7\u00e3o da escuta estruturada\u201d. Por fim, a \u00faltima aula trata de \u201cPlanejamento de s\u00ednteses, a Composi\u00e7\u00e3o de Repert\u00f3rio e a Consolida\u00e7\u00e3o da Memoriza\u00e7\u00e3o\u201d.<\/p>\n<p>Confira, abaixo, v\u00eddeo do economista Jorge Cury Neto.<\/p>\n<p><iframe loading=\"lazy\" title=\"\u00daltimos dias para acessar a oficina Introdu\u00e7\u00e3o \u00e0 Economia da Oralidade\" width=\"500\" height=\"281\" src=\"https:\/\/www.youtube.com\/embed\/j8aWHtDW4RY?feature=oembed\" frameborder=\"0\" allow=\"accelerometer; autoplay; clipboard-write; encrypted-media; gyroscope; picture-in-picture; web-share\" referrerpolicy=\"strict-origin-when-cross-origin\" allowfullscreen><\/iframe><\/p>\n<p>\u00a0<\/p>\n","protected":false},"excerpt":{"rendered":"","protected":false},"author":1,"featured_media":12668,"comment_status":"closed","ping_status":"closed","sticky":false,"template":"","format":"standard","meta":{"footnotes":""},"categories":[2],"tags":[],"class_list":["post-12662","post","type-post","status-publish","format-standard","has-post-thumbnail","hentry","category-noticias"],"_links":{"self":[{"href":"https:\/\/cofecon.org.br\/cofecon\/index.php?rest_route=\/wp\/v2\/posts\/12662"}],"collection":[{"href":"https:\/\/cofecon.org.br\/cofecon\/index.php?rest_route=\/wp\/v2\/posts"}],"about":[{"href":"https:\/\/cofecon.org.br\/cofecon\/index.php?rest_route=\/wp\/v2\/types\/post"}],"author":[{"embeddable":true,"href":"https:\/\/cofecon.org.br\/cofecon\/index.php?rest_route=\/wp\/v2\/users\/1"}],"replies":[{"embeddable":true,"href":"https:\/\/cofecon.org.br\/cofecon\/index.php?rest_route=%2Fwp%2Fv2%2Fcomments&post=12662"}],"version-history":[{"count":0,"href":"https:\/\/cofecon.org.br\/cofecon\/index.php?rest_route=\/wp\/v2\/posts\/12662\/revisions"}],"wp:featuredmedia":[{"embeddable":true,"href":"https:\/\/cofecon.org.br\/cofecon\/index.php?rest_route=\/wp\/v2\/media\/12668"}],"wp:attachment":[{"href":"https:\/\/cofecon.org.br\/cofecon\/index.php?rest_route=%2Fwp%2Fv2%2Fmedia&parent=12662"}],"wp:term":[{"taxonomy":"category","embeddable":true,"href":"https:\/\/cofecon.org.br\/cofecon\/index.php?rest_route=%2Fwp%2Fv2%2Fcategories&post=12662"},{"taxonomy":"post_tag","embeddable":true,"href":"https:\/\/cofecon.org.br\/cofecon\/index.php?rest_route=%2Fwp%2Fv2%2Ftags&post=12662"}],"curies":[{"name":"wp","href":"https:\/\/api.w.org\/{rel}","templated":true}]}}