{"id":12641,"date":"2020-09-16T09:54:28","date_gmt":"2020-09-16T12:54:28","guid":{"rendered":"https:\/\/www.cofecon.org.br\/?p=12641"},"modified":"2020-09-16T09:54:28","modified_gmt":"2020-09-16T12:54:28","slug":"segundo-modulo-de-oficina-apresentara-conceitos-sobre-elaboracao-de-projetos","status":"publish","type":"post","link":"https:\/\/cofecon.org.br\/cofecon\/?p=12641","title":{"rendered":"Segundo m\u00f3dulo de oficina gratuita apresentar\u00e1 conceitos sobre elabora\u00e7\u00e3o de projetos"},"content":{"rendered":"\n<p><img loading=\"lazy\" decoding=\"async\" class=\"wp-image-12642 size-medium alignleft\" src=\"https:\/\/www.cofecon.org.br\/wp-content\/uploads\/2020\/09\/Segundo-modulo-300x300.jpeg\" alt=\"\" width=\"300\" height=\"300\" srcset=\"https:\/\/cofecon.org.br\/cofecon\/wp-content\/uploads\/2020\/09\/Segundo-modulo-300x300.jpeg 300w, https:\/\/cofecon.org.br\/cofecon\/wp-content\/uploads\/2020\/09\/Segundo-modulo-1024x1024.jpeg 1024w, https:\/\/cofecon.org.br\/cofecon\/wp-content\/uploads\/2020\/09\/Segundo-modulo-150x150.jpeg 150w, https:\/\/cofecon.org.br\/cofecon\/wp-content\/uploads\/2020\/09\/Segundo-modulo-768x768.jpeg 768w, https:\/\/cofecon.org.br\/cofecon\/wp-content\/uploads\/2020\/09\/Segundo-modulo-800x800.jpeg 800w, https:\/\/cofecon.org.br\/cofecon\/wp-content\/uploads\/2020\/09\/Segundo-modulo-250x250.jpeg 250w, https:\/\/cofecon.org.br\/cofecon\/wp-content\/uploads\/2020\/09\/Segundo-modulo.jpeg 1280w\" sizes=\"(max-width: 300px) 100vw, 300px\" \/>Neste m\u00eas de setembro, a economista Alesandra Campos ministra a oficina gratuita &#8220;Elabora\u00e7\u00e3o de projetos para capta\u00e7\u00e3o de recursos&#8221;. O pr\u00f3ximo encontro ocorrer\u00e1 nesta quarta-feira, 16, com apresenta\u00e7\u00e3o da primeira parte do tema Elabora\u00e7\u00e3o de Projetos, que foi dividido em duas aulas.\u00a0<\/p>\n<p>Ao todo, s\u00e3o quatro m\u00f3dulos, com apresenta\u00e7\u00e3o \u00e0s quartas-feiras, das 18h \u00e0s 19h, e ministrados ao vivo pelo canal do Cofecon no Youtube \u2013 <a href=\"http:\/\/www.youtube.com\/c\/Cofecon\">www.youtube.com\/c\/Cofecon<\/a>. Em cada m\u00f3dulo os participantes ter\u00e3o acesso a material exclusivo, disponibilizado pela professora, e ao final do curso receber\u00e3o certificado.<\/p>\n<p>O primeiro encontro ocorreu na \u00faltima quarta-feira, 9 de setembro, com exposi\u00e7\u00e3o sobre o tema &#8220;Concep\u00e7\u00e3o de Projetos&#8221;. Tanto o v\u00eddeo como o material apresentado est\u00e3o dispon\u00edveis na plataforma EAD do Cofecon &#8211; <a href=\"http:\/\/www.cofecon.org.br\/ead\/\"><strong>www.cofecon.org.br\/ead<\/strong>.<\/a><\/p>\n<p>Alesandra Campos \u00e9 economista formada pela Pontif\u00edcia Universidade Cat\u00f3lica de Goi\u00e1s (PUC\/GO). \u00c9 p\u00f3s-graduada em Marketing pela Universidade Federal do Rio de Janeiro (UFRJ) e em Gest\u00e3o Empresarial, com \u00eanfase em Consultoria, pela Funda\u00e7\u00e3o Get\u00falio Vargas (FGV). S\u00f3cia administrativa da empresa Resolute Consultoria e Projetos, \u00e9 tamb\u00e9m consultora e instrutora do Sebrae-GO e vice-presidente do Conselho Regional de Economia de Goi\u00e1s (Corecon-GO).<\/p>\n<p><img loading=\"lazy\" decoding=\"async\" class=\"size-full wp-image-12579 alignnone\" src=\"https:\/\/www.cofecon.org.br\/wp-content\/uploads\/2020\/09\/WhatsApp-Image-2020-09-01-at-18.25.16.jpeg\" alt=\"\" width=\"1280\" height=\"1280\" srcset=\"https:\/\/cofecon.org.br\/cofecon\/wp-content\/uploads\/2020\/09\/WhatsApp-Image-2020-09-01-at-18.25.16.jpeg 1280w, https:\/\/cofecon.org.br\/cofecon\/wp-content\/uploads\/2020\/09\/WhatsApp-Image-2020-09-01-at-18.25.16-300x300.jpeg 300w, https:\/\/cofecon.org.br\/cofecon\/wp-content\/uploads\/2020\/09\/WhatsApp-Image-2020-09-01-at-18.25.16-1024x1024.jpeg 1024w, https:\/\/cofecon.org.br\/cofecon\/wp-content\/uploads\/2020\/09\/WhatsApp-Image-2020-09-01-at-18.25.16-150x150.jpeg 150w, https:\/\/cofecon.org.br\/cofecon\/wp-content\/uploads\/2020\/09\/WhatsApp-Image-2020-09-01-at-18.25.16-768x768.jpeg 768w, https:\/\/cofecon.org.br\/cofecon\/wp-content\/uploads\/2020\/09\/WhatsApp-Image-2020-09-01-at-18.25.16-800x800.jpeg 800w, https:\/\/cofecon.org.br\/cofecon\/wp-content\/uploads\/2020\/09\/WhatsApp-Image-2020-09-01-at-18.25.16-250x250.jpeg 250w\" sizes=\"(max-width: 1280px) 100vw, 1280px\" \/><\/p>\n<p>\u00a0<\/p>\n","protected":false},"excerpt":{"rendered":"","protected":false},"author":1,"featured_media":12580,"comment_status":"closed","ping_status":"closed","sticky":false,"template":"","format":"standard","meta":{"footnotes":""},"categories":[2],"tags":[],"class_list":["post-12641","post","type-post","status-publish","format-standard","has-post-thumbnail","hentry","category-noticias"],"_links":{"self":[{"href":"https:\/\/cofecon.org.br\/cofecon\/index.php?rest_route=\/wp\/v2\/posts\/12641"}],"collection":[{"href":"https:\/\/cofecon.org.br\/cofecon\/index.php?rest_route=\/wp\/v2\/posts"}],"about":[{"href":"https:\/\/cofecon.org.br\/cofecon\/index.php?rest_route=\/wp\/v2\/types\/post"}],"author":[{"embeddable":true,"href":"https:\/\/cofecon.org.br\/cofecon\/index.php?rest_route=\/wp\/v2\/users\/1"}],"replies":[{"embeddable":true,"href":"https:\/\/cofecon.org.br\/cofecon\/index.php?rest_route=%2Fwp%2Fv2%2Fcomments&post=12641"}],"version-history":[{"count":0,"href":"https:\/\/cofecon.org.br\/cofecon\/index.php?rest_route=\/wp\/v2\/posts\/12641\/revisions"}],"wp:featuredmedia":[{"embeddable":true,"href":"https:\/\/cofecon.org.br\/cofecon\/index.php?rest_route=\/wp\/v2\/media\/12580"}],"wp:attachment":[{"href":"https:\/\/cofecon.org.br\/cofecon\/index.php?rest_route=%2Fwp%2Fv2%2Fmedia&parent=12641"}],"wp:term":[{"taxonomy":"category","embeddable":true,"href":"https:\/\/cofecon.org.br\/cofecon\/index.php?rest_route=%2Fwp%2Fv2%2Fcategories&post=12641"},{"taxonomy":"post_tag","embeddable":true,"href":"https:\/\/cofecon.org.br\/cofecon\/index.php?rest_route=%2Fwp%2Fv2%2Ftags&post=12641"}],"curies":[{"name":"wp","href":"https:\/\/api.w.org\/{rel}","templated":true}]}}