{"id":12630,"date":"2020-09-11T15:37:59","date_gmt":"2020-09-11T18:37:59","guid":{"rendered":"https:\/\/www.cofecon.org.br\/?p=12630"},"modified":"2020-09-11T15:37:59","modified_gmt":"2020-09-11T18:37:59","slug":"stf-decide-pelo-regime-celetista-para-empregados-de-conselhos","status":"publish","type":"post","link":"https:\/\/cofecon.org.br\/cofecon\/?p=12630","title":{"rendered":"STF decide pelo regime celetista para empregados de Conselhos"},"content":{"rendered":"\n<p>O Supremo Tribunal Federal decidiu na \u00faltima semana que a contrata\u00e7\u00e3o de pessoal sob o regime da Consolida\u00e7\u00e3o das Leis do Trabalho (CLT) por parte dos conselhos de fiscaliza\u00e7\u00e3o \u00e9 constitucional. A decis\u00e3o se deu em sess\u00e3o virtual finalizada no dia 04, que julgava de forma conjunta a A\u00e7\u00e3o Declarat\u00f3ria de Constitucionalidade (ADC) 36, a A\u00e7\u00e3o Direta de Inconstitucionalidade (ADI) 5367 e a Argui\u00e7\u00e3o de Descumprimento de Preceito Fundamental (ADPF) 367.<\/p>\n<p>Nesta \u00faltima, o Conselho Federal de Economia atuou como amicus curiae &#8211; express\u00e3o usada para definir uma institui\u00e7\u00e3o que fornece subs\u00eddios a uma decis\u00e3o de tribunal, oferecendo base para quest\u00f5es relevantes e que tenham grande impacto. A ADPF 367 tinha como objeto a Lei 9.649\/1998, Artigo 58, par\u00e1grafo terceiro &#8211; que prev\u00ea que os empregados de conselhos de fiscaliza\u00e7\u00e3o s\u00e3o regidos pela CLT. O texto foi declarado constitucional pelo STF.<\/p>\n<p>A relatora, ministra Carmen L\u00facia, votou pela inconstitucionalidade da contrata\u00e7\u00e3o regida pela CLT e seu voto foi acompanhado pelos ministros Celso de Mello, Marco Aur\u00e9lio de Mello e Ricardo Lewandowski. A maioria seguiu o voto do ministro Alexandre Moraes, no qual expressa que os conselhos profissionais s\u00e3o uma esp\u00e9cie sui generis de pessoa jur\u00eddica de Direito P\u00fablico n\u00e3o estatal, com autonomia administrativa e financeira, e que n\u00e3o fazem parte da estrutura org\u00e2nica do Estado. O or\u00e7amento destas institui\u00e7\u00f5es prov\u00e9m das contribui\u00e7\u00f5es parafiscais pagas pela categoria profissional.<\/p>\n<p>Por serem \u00f3rg\u00e3os p\u00fabicos, os conselhos de fiscaliza\u00e7\u00e3o est\u00e3o sujeitos \u00e0s regras constitucionais que disciplinam a coisa p\u00fablica, tais como a contrata\u00e7\u00e3o mediante concurso p\u00fablico e licita\u00e7\u00e3o e o controle externo por parte do Tribunal de Contas da Uni\u00e3o.<\/p>\n<p>A contrata\u00e7\u00e3o regida pelo Regime Jur\u00eddico \u00danico teria uma s\u00e9rie de consequ\u00eancias que atentariam contra a autonomia &#8211; por exemplo, a cria\u00e7\u00e3o de cargos e a remunera\u00e7\u00e3o somente poderiam ser definidos por lei.<\/p>\n","protected":false},"excerpt":{"rendered":"","protected":false},"author":1,"featured_media":8365,"comment_status":"closed","ping_status":"closed","sticky":false,"template":"","format":"standard","meta":{"footnotes":""},"categories":[2],"tags":[],"class_list":["post-12630","post","type-post","status-publish","format-standard","has-post-thumbnail","hentry","category-noticias"],"_links":{"self":[{"href":"https:\/\/cofecon.org.br\/cofecon\/index.php?rest_route=\/wp\/v2\/posts\/12630"}],"collection":[{"href":"https:\/\/cofecon.org.br\/cofecon\/index.php?rest_route=\/wp\/v2\/posts"}],"about":[{"href":"https:\/\/cofecon.org.br\/cofecon\/index.php?rest_route=\/wp\/v2\/types\/post"}],"author":[{"embeddable":true,"href":"https:\/\/cofecon.org.br\/cofecon\/index.php?rest_route=\/wp\/v2\/users\/1"}],"replies":[{"embeddable":true,"href":"https:\/\/cofecon.org.br\/cofecon\/index.php?rest_route=%2Fwp%2Fv2%2Fcomments&post=12630"}],"version-history":[{"count":0,"href":"https:\/\/cofecon.org.br\/cofecon\/index.php?rest_route=\/wp\/v2\/posts\/12630\/revisions"}],"wp:featuredmedia":[{"embeddable":true,"href":"https:\/\/cofecon.org.br\/cofecon\/index.php?rest_route=\/wp\/v2\/media\/8365"}],"wp:attachment":[{"href":"https:\/\/cofecon.org.br\/cofecon\/index.php?rest_route=%2Fwp%2Fv2%2Fmedia&parent=12630"}],"wp:term":[{"taxonomy":"category","embeddable":true,"href":"https:\/\/cofecon.org.br\/cofecon\/index.php?rest_route=%2Fwp%2Fv2%2Fcategories&post=12630"},{"taxonomy":"post_tag","embeddable":true,"href":"https:\/\/cofecon.org.br\/cofecon\/index.php?rest_route=%2Fwp%2Fv2%2Ftags&post=12630"}],"curies":[{"name":"wp","href":"https:\/\/api.w.org\/{rel}","templated":true}]}}