{"id":12620,"date":"2020-09-11T14:58:26","date_gmt":"2020-09-11T17:58:26","guid":{"rendered":"https:\/\/www.cofecon.org.br\/?p=12620"},"modified":"2020-09-11T14:58:26","modified_gmt":"2020-09-11T17:58:26","slug":"economistas-participam-gratuitamente-da-feira-virtual-agrolab","status":"publish","type":"post","link":"https:\/\/cofecon.org.br\/cofecon\/?p=12620","title":{"rendered":"Economistas participam gratuitamente da feira virtual Agrolab"},"content":{"rendered":"\n<p><img loading=\"lazy\" decoding=\"async\" class=\"wp-image-12625 size-medium alignleft\" src=\"https:\/\/www.cofecon.org.br\/wp-content\/uploads\/2020\/09\/Agrolab1-300x300.jpeg\" alt=\"\" width=\"300\" height=\"300\" srcset=\"https:\/\/cofecon.org.br\/cofecon\/wp-content\/uploads\/2020\/09\/Agrolab1-300x300.jpeg 300w, https:\/\/cofecon.org.br\/cofecon\/wp-content\/uploads\/2020\/09\/Agrolab1-1024x1024.jpeg 1024w, https:\/\/cofecon.org.br\/cofecon\/wp-content\/uploads\/2020\/09\/Agrolab1-150x150.jpeg 150w, https:\/\/cofecon.org.br\/cofecon\/wp-content\/uploads\/2020\/09\/Agrolab1-768x768.jpeg 768w, https:\/\/cofecon.org.br\/cofecon\/wp-content\/uploads\/2020\/09\/Agrolab1-800x800.jpeg 800w, https:\/\/cofecon.org.br\/cofecon\/wp-content\/uploads\/2020\/09\/Agrolab1-250x250.jpeg 250w, https:\/\/cofecon.org.br\/cofecon\/wp-content\/uploads\/2020\/09\/Agrolab1.jpeg 1280w\" sizes=\"(max-width: 300px) 100vw, 300px\" \/>A Feira do Agroneg\u00f3cio \u201cCONECTA SEBRAE AGROLAB AMAZ\u00d4NIA\u201d ocorrer\u00e1 nos dias 22 e 24 de setembro totalmente em formato digital, com tecnologia de realidade virtual e em ambiente 3D. O evento \u00e9 uma iniciativa do Sebrae em Rond\u00f4nia, sendo protagonizado por todos os Sebrae da Amaz\u00f4nia Legal, e constitui uma oportunidade para o fortalecimento dos neg\u00f3cios, e integrador das estrat\u00e9gias de desenvolvimento e sustentabilidade da Amaz\u00f4nia.<\/p>\n<p>Por ser uma iniciativa que pode agregar ao com\u00e9rcio exterior da regi\u00e3o Norte e do Brasil como um todo, al\u00e9m de promover debates e capacita\u00e7\u00f5es sobre temas relacionados \u00e0 economia e ao empreendedorismo, o Cofecon apoia a realiza\u00e7\u00e3o do evento ao estimular a participa\u00e7\u00e3o de economistas e estudantes na feira. As inscri\u00e7\u00f5es devem ser feitas em <a href=\"https:\/\/agrolabamazonia.com\/#inscricao\">https:\/\/agrolabamazonia.com\/#inscricao<\/a><\/p>\n<p>Os Estados que fazem parte da Amaz\u00f4nia Legal: Acre, Amap\u00e1, Amazonas, Mato Grosso, Par\u00e1, Rond\u00f4nia, Roraima, Tocantins e Maranh\u00e3o estar\u00e3o presentes e a ocasi\u00e3o ser\u00e1 um marco na integra\u00e7\u00e3o regional, dentro de um formato digital, conectando a Amaz\u00f4nia com o Brasil e o mundo, tendo em vista que contaremos com a presen\u00e7a de pa\u00edses da Europa, \u00c1sia, Oriente M\u00e9dio e Am\u00e9rica do Norte.<\/p>\n<p>Em virtude da conjuntura atual de Pandemia da COVID-19, conectar os neg\u00f3cios com oportunidades e conhecimentos de forma digital, tem sido objeto da atua\u00e7\u00e3o do Sebrae, desenvolvendo uma cultura de transforma\u00e7\u00e3o digital, na busca de solu\u00e7\u00f5es para a Amaz\u00f4nia Brasileira a partir dos valores e oportunidades existentes na bioeconomia da nossa regi\u00e3o.<\/p>\n<p>A programa\u00e7\u00e3o do evento ocorrer\u00e1 no per\u00edodo de 22 a 24\/09\/2020 das 09h \u00e0s 19h, hor\u00e1rio de Bras\u00edlia. Por ser uma Feira totalmente digital com tecnologia virtual 3D, os participantes ter\u00e3o a experi\u00eancia \u00fanica que possibilitar\u00e3o percorrer os estandes, realizar neg\u00f3cios, participar das palestras, rodadas de neg\u00f3cio nacional e internacional, dos f\u00f3runs e de toda a programa\u00e7\u00e3o de qualquer lugar do Brasil e do mundo.<\/p>\n<p>Saiba mais em https:\/\/agrolabamazonia.com\/<\/p>\n<p>\u00a0<\/p>\n","protected":false},"excerpt":{"rendered":"","protected":false},"author":1,"featured_media":12627,"comment_status":"closed","ping_status":"closed","sticky":false,"template":"","format":"standard","meta":{"footnotes":""},"categories":[2],"tags":[],"class_list":["post-12620","post","type-post","status-publish","format-standard","has-post-thumbnail","hentry","category-noticias"],"_links":{"self":[{"href":"https:\/\/cofecon.org.br\/cofecon\/index.php?rest_route=\/wp\/v2\/posts\/12620"}],"collection":[{"href":"https:\/\/cofecon.org.br\/cofecon\/index.php?rest_route=\/wp\/v2\/posts"}],"about":[{"href":"https:\/\/cofecon.org.br\/cofecon\/index.php?rest_route=\/wp\/v2\/types\/post"}],"author":[{"embeddable":true,"href":"https:\/\/cofecon.org.br\/cofecon\/index.php?rest_route=\/wp\/v2\/users\/1"}],"replies":[{"embeddable":true,"href":"https:\/\/cofecon.org.br\/cofecon\/index.php?rest_route=%2Fwp%2Fv2%2Fcomments&post=12620"}],"version-history":[{"count":0,"href":"https:\/\/cofecon.org.br\/cofecon\/index.php?rest_route=\/wp\/v2\/posts\/12620\/revisions"}],"wp:featuredmedia":[{"embeddable":true,"href":"https:\/\/cofecon.org.br\/cofecon\/index.php?rest_route=\/wp\/v2\/media\/12627"}],"wp:attachment":[{"href":"https:\/\/cofecon.org.br\/cofecon\/index.php?rest_route=%2Fwp%2Fv2%2Fmedia&parent=12620"}],"wp:term":[{"taxonomy":"category","embeddable":true,"href":"https:\/\/cofecon.org.br\/cofecon\/index.php?rest_route=%2Fwp%2Fv2%2Fcategories&post=12620"},{"taxonomy":"post_tag","embeddable":true,"href":"https:\/\/cofecon.org.br\/cofecon\/index.php?rest_route=%2Fwp%2Fv2%2Ftags&post=12620"}],"curies":[{"name":"wp","href":"https:\/\/api.w.org\/{rel}","templated":true}]}}