{"id":12608,"date":"2020-09-14T09:40:11","date_gmt":"2020-09-14T12:40:11","guid":{"rendered":"https:\/\/www.cofecon.org.br\/?p=12608"},"modified":"2020-09-14T09:40:11","modified_gmt":"2020-09-14T12:40:11","slug":"indicadas-ao-premio-mulher-transformadora-participam-de-live-sobre-a-importancia-do-terceiro-setor","status":"publish","type":"post","link":"https:\/\/cofecon.org.br\/cofecon\/?p=12608","title":{"rendered":"Indicadas ao Pr\u00eamio Mulher Transformadora participam de live sobre a import\u00e2ncia do terceiro setor"},"content":{"rendered":"\n<p><img loading=\"lazy\" decoding=\"async\" class=\"wp-image-12609 size-medium alignleft\" src=\"https:\/\/www.cofecon.org.br\/wp-content\/uploads\/2020\/09\/WhatsApp-Image-2020-09-05-at-13.10.30-300x300.jpeg\" alt=\"\" width=\"300\" height=\"300\" srcset=\"https:\/\/cofecon.org.br\/cofecon\/wp-content\/uploads\/2020\/09\/WhatsApp-Image-2020-09-05-at-13.10.30-300x300.jpeg 300w, https:\/\/cofecon.org.br\/cofecon\/wp-content\/uploads\/2020\/09\/WhatsApp-Image-2020-09-05-at-13.10.30-1024x1024.jpeg 1024w, https:\/\/cofecon.org.br\/cofecon\/wp-content\/uploads\/2020\/09\/WhatsApp-Image-2020-09-05-at-13.10.30-150x150.jpeg 150w, https:\/\/cofecon.org.br\/cofecon\/wp-content\/uploads\/2020\/09\/WhatsApp-Image-2020-09-05-at-13.10.30-768x768.jpeg 768w, https:\/\/cofecon.org.br\/cofecon\/wp-content\/uploads\/2020\/09\/WhatsApp-Image-2020-09-05-at-13.10.30-800x800.jpeg 800w, https:\/\/cofecon.org.br\/cofecon\/wp-content\/uploads\/2020\/09\/WhatsApp-Image-2020-09-05-at-13.10.30-250x250.jpeg 250w, https:\/\/cofecon.org.br\/cofecon\/wp-content\/uploads\/2020\/09\/WhatsApp-Image-2020-09-05-at-13.10.30.jpeg 1280w\" sizes=\"(max-width: 300px) 100vw, 300px\" \/>Alice Kuerten, do Instituto Guga Kuerten (SC), e Meiriane Nunes Amaro, do projeto Artes\u00e3s do Parano\u00e1 (DF), participam de live sobre o tema &#8220;Transformando realidades: a import\u00e2ncia do 3\u00ba setor&#8221;. O bate-papo ocorrer\u00e1 no dia 15 de setembro, pr\u00f3xima ter\u00e7a-feira, \u00e0s 17h, e ter\u00e1 media\u00e7\u00e3o da economista M\u00f4nica Beraldo, Conselheira Coordenadora da Comiss\u00e3o Mulher Economista e Presidente do Soroptimist International Brasilia.<\/p>\n<p>A iniciativa faz parte do projeto \u201cM\u00eas do Economista Cidad\u00e3o\u201d, realizado em setembro em comemora\u00e7\u00e3o pela Independ\u00eancia do Brasil. Durante o per\u00edodo, a autarquia promover\u00e1 debates com economistas e a sociedade de uma forma geral para discutir temas relacionados \u00e0 inclus\u00e3o social e redu\u00e7\u00e3o das desigualdades, abordando a import\u00e2ncia de pol\u00edticas sociais, do terceiro setor e de vertentes como a economia solid\u00e1ria.<\/p>\n<p><strong>Alice Th\u00fcmmel Kuerten<\/strong> &#8211; Nascida em Blumenau, m\u00e3e de 3 filhos, assistente Social aposentada, est\u00e1 \u00e0 frente do Instituto Guga Kuerten (IGK) desde 2000. Aposentou-se como Assistente Social na antiga TELESC- Telecomunica\u00e7\u00f5es de Santa Catarina. Foi Diretora Geral da Funda\u00e7\u00e3o Catarinense de Educa\u00e7\u00e3o Especial; participou da Diretoria da APAE\u00a0 de Florian\u00f3polis; foi Delegada da Federa\u00e7\u00e3o das APAEs\u00a0 da Regi\u00e3o da Grande Florian\u00f3polis entre 1995 e 1997 e foi Membro do CONEDE &#8211; Conselho Estadual dos Direitos da Pessoa\u00a0 Deficiente F\u00edsica. Participa como Membro do Conselho Consultivo da Central de Volunt\u00e1rios da Comunidade Solid\u00e1ria e Membro do Conselho Consultivo do IVA &#8211; Instituto Volunt\u00e1rios em A\u00e7\u00e3o desde 1998. Desde 2002 \u00e9 Membro do Conselho de Administra\u00e7\u00e3o da APAE de Florian\u00f3polis. Em 2003 passou a ser Membro do Conselho Superior de Integra\u00e7\u00e3o Social da Faculdade Est\u00e1cio de S\u00e1; foi Membro do Comit\u00ea de \u00c9tica e Pesquisa UNISUL;\u00a0 \u00e9 membro do Conselho Consultivo do ICOM-Instituto Comunit\u00e1rio da Grande Florian\u00f3polis, desde 2005. Entre 2011 e 2013 foi Vice-Presidente da Federa\u00e7\u00e3o das APAES do Estado de Santa Catarina.<\/p>\n<p><strong>Meiriane Nunes Amaro &#8211;<\/strong> Consultora Legislativa do Senado Federal aposentada, \u00e9 graduada e mestre em Economia pela Universidade de Bras\u00edlia (UnB). Criou e gerencia o projeto social Artes\u00e3s do Parano\u00e1, do Distrito Federal. P\u00f3s-graduada em Direito Legislativo pela Universidade Federal de Mato Grosso do Sul, participou de curso extens\u00e3o universit\u00e1ria pela Universidade de Sorbone, Paris; de curso de especializa\u00e7\u00e3o &#8220;THEORY AND OPERATION OF A MODERN NATIONAL ECONOMY&#8221; (PROGRAMA MINERVA), pela The George Washington University, EUA; de curso de Elabora\u00e7\u00e3o Legislativa pelo <em>The International Legislative Drafting Institute (Tulane Law School\/Loyola School of Law)<\/em>, EUA; e de curso de Estat\u00edstica do Trabalho, pela\u00a0<em>Japan International Cooperation Agency<\/em>, Jap\u00e3o. Foi Consultora Legislativa do Senado Federal, especializada em Economia do Trabalho e Previd\u00eancia Social; t\u00e9cnica do Banco Central do Brasil, atuante no Departamento Econ\u00f4mico; coordenadora geral de Pol\u00edtica Setorial da Secretaria Especial de Pol\u00edtica Econ\u00f4mica. No Minist\u00e9rio do Trabalho, atuou como assessora\u00a0na Secretaria de Emprego e Sal\u00e1rio (SES);\u00a0 Subsecret\u00e1ria de Sal\u00e1rios da SES; Secret\u00e1ria de Estudos Especiais da Secretaria Geral; Chefe da Coordenadoria de An\u00e1lise de Pol\u00edticas Econ\u00f4micas e Sociais; Secret\u00e1ria-Executiva do Conselho Curador do FGTS. No Minist\u00e9rio da Ind\u00fastria e Com\u00e9rcio, foi assessora no Conselho de Desenvolvimento Industrial (CDI); Chefe da Divis\u00e3o Econ\u00f4mica da Coordenadoria de Estudos Especiais do CDI; e tamb\u00e9m foi professora de Microeconomia nas Faculdades Integradas da Cat\u00f3lica de Bras\u00edlia.<\/p>\n<p>\u00a0<\/p>\n<p>\u00a0<\/p>\n","protected":false},"excerpt":{"rendered":"","protected":false},"author":1,"featured_media":12617,"comment_status":"closed","ping_status":"closed","sticky":false,"template":"","format":"standard","meta":{"footnotes":""},"categories":[2],"tags":[],"class_list":["post-12608","post","type-post","status-publish","format-standard","has-post-thumbnail","hentry","category-noticias"],"_links":{"self":[{"href":"https:\/\/cofecon.org.br\/cofecon\/index.php?rest_route=\/wp\/v2\/posts\/12608"}],"collection":[{"href":"https:\/\/cofecon.org.br\/cofecon\/index.php?rest_route=\/wp\/v2\/posts"}],"about":[{"href":"https:\/\/cofecon.org.br\/cofecon\/index.php?rest_route=\/wp\/v2\/types\/post"}],"author":[{"embeddable":true,"href":"https:\/\/cofecon.org.br\/cofecon\/index.php?rest_route=\/wp\/v2\/users\/1"}],"replies":[{"embeddable":true,"href":"https:\/\/cofecon.org.br\/cofecon\/index.php?rest_route=%2Fwp%2Fv2%2Fcomments&post=12608"}],"version-history":[{"count":0,"href":"https:\/\/cofecon.org.br\/cofecon\/index.php?rest_route=\/wp\/v2\/posts\/12608\/revisions"}],"wp:featuredmedia":[{"embeddable":true,"href":"https:\/\/cofecon.org.br\/cofecon\/index.php?rest_route=\/wp\/v2\/media\/12617"}],"wp:attachment":[{"href":"https:\/\/cofecon.org.br\/cofecon\/index.php?rest_route=%2Fwp%2Fv2%2Fmedia&parent=12608"}],"wp:term":[{"taxonomy":"category","embeddable":true,"href":"https:\/\/cofecon.org.br\/cofecon\/index.php?rest_route=%2Fwp%2Fv2%2Fcategories&post=12608"},{"taxonomy":"post_tag","embeddable":true,"href":"https:\/\/cofecon.org.br\/cofecon\/index.php?rest_route=%2Fwp%2Fv2%2Ftags&post=12608"}],"curies":[{"name":"wp","href":"https:\/\/api.w.org\/{rel}","templated":true}]}}