{"id":1245,"date":"2017-01-05T09:44:28","date_gmt":"2017-01-05T11:44:28","guid":{"rendered":"http:\/\/www.cofecon.org.br\/?p=1245"},"modified":"2017-01-05T09:44:28","modified_gmt":"2017-01-05T11:44:28","slug":"o-be-a-ba-do-crescimento-ja","status":"publish","type":"post","link":"https:\/\/cofecon.org.br\/cofecon\/?p=1245","title":{"rendered":"Artigo &#8211; O b\u00ea-a-b\u00e1 do crescimento j\u00e1"},"content":{"rendered":"<p style=\"text-align: justify;\">\u00c9 poss\u00edvel o pa\u00eds ter um crescimento econ\u00f4mico expressivo j\u00e1 em 2017? &#8220;H\u00e1 uma vis\u00e3o dominante em todo o territ\u00f3rio nacional, \u00e9 que o crescimento vir\u00e1 devagar, algo como 1% no ano que vem e 2% a partir de 2018. Estou em desacordo com a maioria&#8221;, argumenta o economista Roberto Troster. Para ele, o debate sobre a supera\u00e7\u00e3o da crise est\u00e1 desfocado, com as aten\u00e7\u00f5es voltadas para os gastos do governo enquanto o setor privado \u00e9 esquecido.<\/p>\n<p style=\"text-align: justify;\">Troster argumenta que a evid\u00eancia \u00e9 contundente em apontar a responsabilidade da din\u00e2mica do cr\u00e9dito pelas dificuldades da economia do Pa\u00eds. &#8220;Com a retirada de dinheiro do sistema pela intermedia\u00e7\u00e3o, as empresas t\u00eam que diminuir estoques, cortar custos, atrasar tributos e fornecedores&#8221;, aponta o economista. &#8220;A economia est\u00e1 num redemoinho perverso de juros cada vez mais altos, uma oferta de financiamentos encolhendo e inadimpl\u00eancia subindo. Quatro fatores financeiros que se superp\u00f5em causaram a crise: um choque de oferta, um equil\u00edbrio perverso no cr\u00e9dito, a dilui\u00e7\u00e3o de d\u00edvidas e a obsolesc\u00eancia do SFN, al\u00e9m do esgotamento do modelo econ\u00f4mico do Brasil&#8221;.<\/p>\n<p style=\"text-align: justify;\">Clique <a href=\"http:\/\/www.cofecon.org.br\/dmdocuments\/Troster_CrescimentoJa.pdf\"><strong>aqui<\/strong><\/a> para ler o documento &#8220;<a href=\"http:\/\/www.cofecon.org.br\/dmdocuments\/Troster_CrescimentoJa.pdf\"><strong>O b\u00ea-a-b\u00e1 do Crescimento J\u00e1<\/strong><\/a>&#8220;, escrito por Troster, no qual aponta solu\u00e7\u00f5es para a supera\u00e7\u00e3o imediata da crise brasileira.<\/p>\n","protected":false},"excerpt":{"rendered":"<p>\u00c9 poss\u00edvel o pa\u00eds ter um crescimento econ\u00f4mico expressivo j\u00e1 em 2017? &#8220;H\u00e1 uma vis\u00e3o dominante em todo o territ\u00f3rio nacional, \u00e9 que o crescimento vir\u00e1 devagar, algo como 1% no ano que vem e 2% a partir de 2018.<\/p>\n<p><a class=\"more-link\" href=\"https:\/\/cofecon.org.br\/cofecon\/?p=1245\">Leia Mais<\/a><\/p>\n","protected":false},"author":1,"featured_media":0,"comment_status":"open","ping_status":"open","sticky":false,"template":"","format":"standard","meta":{"footnotes":""},"categories":[6],"tags":[],"class_list":["post-1245","post","type-post","status-publish","format-standard","hentry","category-artigo"],"_links":{"self":[{"href":"https:\/\/cofecon.org.br\/cofecon\/index.php?rest_route=\/wp\/v2\/posts\/1245"}],"collection":[{"href":"https:\/\/cofecon.org.br\/cofecon\/index.php?rest_route=\/wp\/v2\/posts"}],"about":[{"href":"https:\/\/cofecon.org.br\/cofecon\/index.php?rest_route=\/wp\/v2\/types\/post"}],"author":[{"embeddable":true,"href":"https:\/\/cofecon.org.br\/cofecon\/index.php?rest_route=\/wp\/v2\/users\/1"}],"replies":[{"embeddable":true,"href":"https:\/\/cofecon.org.br\/cofecon\/index.php?rest_route=%2Fwp%2Fv2%2Fcomments&post=1245"}],"version-history":[{"count":0,"href":"https:\/\/cofecon.org.br\/cofecon\/index.php?rest_route=\/wp\/v2\/posts\/1245\/revisions"}],"wp:attachment":[{"href":"https:\/\/cofecon.org.br\/cofecon\/index.php?rest_route=%2Fwp%2Fv2%2Fmedia&parent=1245"}],"wp:term":[{"taxonomy":"category","embeddable":true,"href":"https:\/\/cofecon.org.br\/cofecon\/index.php?rest_route=%2Fwp%2Fv2%2Fcategories&post=1245"},{"taxonomy":"post_tag","embeddable":true,"href":"https:\/\/cofecon.org.br\/cofecon\/index.php?rest_route=%2Fwp%2Fv2%2Ftags&post=1245"}],"curies":[{"name":"wp","href":"https:\/\/api.w.org\/{rel}","templated":true}]}}