{"id":1242,"date":"2017-01-05T09:41:28","date_gmt":"2017-01-05T11:41:28","guid":{"rendered":"http:\/\/www.cofecon.org.br\/?p=1242"},"modified":"2017-01-05T09:41:28","modified_gmt":"2017-01-05T11:41:28","slug":"presidente-do-cofecon-se-reune-com-a-cnbb-para-discutir-reducao-da-desigualdade","status":"publish","type":"post","link":"https:\/\/cofecon.org.br\/cofecon\/?p=1242","title":{"rendered":"Presidente do Cofecon se re\u00fane com a CNBB para discutir redu\u00e7\u00e3o da desigualdade"},"content":{"rendered":"<p style=\"text-align: justify;\"><img loading=\"lazy\" decoding=\"async\" class=\"alignleft\" src=\"http:\/\/www.cofecon.org.br\/images\/DSC06738.jpg\" alt=\"DSC06738\" width=\"350\" height=\"200\" \/>O presidente do Conselho Federal de Economia (Cofecon), J\u00falio Miragaya, reuniu-se nesta quinta-feira, 5 de janeiro, com o secret\u00e1rio-geral da Confedera\u00e7\u00e3o Nacional dos Bispos do Brasil (CNBB), Dom Leonardo Steiner. Durante o encontro, Miragaya apresentou a Campanha pela Redu\u00e7\u00e3o da Desigualdade Social no Brasil, uma iniciativa do Cofecon que j\u00e1 conta com o apoio de entidades como a Auditoria Cidad\u00e3 da D\u00edvida e o Comit\u00ea de Oxford para o Aux\u00edlio contra a Fome (Oxfam). A reuni\u00e3o ocorreu na sede da CNBB em Bras\u00edlia.<\/p>\n<p style=\"text-align: justify;\">Dom Leonardo afirmou que a CNBB se preocupa com o assunto e que os eixos centrais da Campanha apresentada por Miragaya s\u00e3o vitais e que est\u00e3o alinhados com o que t\u00eam sido discutido na institui\u00e7\u00e3o. \u201cOrganizamos grupos de reflex\u00e3o em diversos \u00e2mbitos para debatermos as principais quest\u00f5es do Brasil. Infelizmente, n\u00e3o estamos vendo sa\u00edda porque n\u00e3o h\u00e1 di\u00e1logo entre governo e sociedade\u201d, comentou. O bispo afirmou ter interesse em participar das pr\u00f3ximas reuni\u00f5es com as entidades que apoiam a Campanha, sendo a primeira delas prevista para o fim deste m\u00eas.<\/p>\n<p style=\"text-align: justify;\"><strong>Sobre a Campanha Nacional pela Redu\u00e7\u00e3o da Desigualdade no Brasil<\/strong><\/p>\n<p style=\"text-align: justify;\">A campanha est\u00e1 estruturada em cinco eixos, sendo o primeiro deles uma proposta de reforma tribut\u00e1ria que reduza os impostos sobre a produ\u00e7\u00e3o e consumo (que hoje representam 72% do total arrecadado) e aumente a tributa\u00e7\u00e3o sobre a renda e a riqueza. \u201cTributar a produ\u00e7\u00e3o e o consumo \u00e9 jogar contra estas atividades e o crescimento da economia\u201d, comentou o presidente.<\/p>\n<p style=\"text-align: justify;\">O segundo eixo tem a ver com a preserva\u00e7\u00e3o e amplia\u00e7\u00e3o dos direitos sociais, com fortalecimento de servi\u00e7os p\u00fablicos e da previd\u00eancia social. O terceiro trata de pol\u00edticas p\u00fablicas de valoriza\u00e7\u00e3o do trabalho. \u201cNo ano passado, criticamos o governo Dilma por restringir o acesso ao seguro-desemprego no momento em que o desemprego estava crescendo\u201d, lembrou Miragaya.<\/p>\n<p style=\"text-align: justify;\">O quarto eixo defende a educa\u00e7\u00e3o, aumentando a escolaridade do brasileiro e a qualifica\u00e7\u00e3o para o trabalho. E o quinto eixo diz respeito \u00e0 destina\u00e7\u00e3o do or\u00e7amento p\u00fablico para atender prioritariamente as demandas sociais, eliminando isen\u00e7\u00f5es e desonera\u00e7\u00f5es fiscais, subs\u00eddios e gastos com juros da d\u00edvida p\u00fablica.<\/p>\n","protected":false},"excerpt":{"rendered":"<p>O presidente do Conselho Federal de Economia (Cofecon), J\u00falio Miragaya, reuniu-se nesta quinta-feira, 5 de janeiro, com o secret\u00e1rio-geral da Confedera\u00e7\u00e3o Nacional dos Bispos do Brasil (CNBB), Dom Leonardo Steiner. Durante o encontro, Miragaya apresentou a Campanha pela Redu\u00e7\u00e3o da<\/p>\n<p><a class=\"more-link\" href=\"https:\/\/cofecon.org.br\/cofecon\/?p=1242\">Leia Mais<\/a><\/p>\n","protected":false},"author":1,"featured_media":0,"comment_status":"open","ping_status":"open","sticky":false,"template":"","format":"standard","meta":{"footnotes":""},"categories":[2],"tags":[],"class_list":["post-1242","post","type-post","status-publish","format-standard","hentry","category-noticias"],"_links":{"self":[{"href":"https:\/\/cofecon.org.br\/cofecon\/index.php?rest_route=\/wp\/v2\/posts\/1242"}],"collection":[{"href":"https:\/\/cofecon.org.br\/cofecon\/index.php?rest_route=\/wp\/v2\/posts"}],"about":[{"href":"https:\/\/cofecon.org.br\/cofecon\/index.php?rest_route=\/wp\/v2\/types\/post"}],"author":[{"embeddable":true,"href":"https:\/\/cofecon.org.br\/cofecon\/index.php?rest_route=\/wp\/v2\/users\/1"}],"replies":[{"embeddable":true,"href":"https:\/\/cofecon.org.br\/cofecon\/index.php?rest_route=%2Fwp%2Fv2%2Fcomments&post=1242"}],"version-history":[{"count":0,"href":"https:\/\/cofecon.org.br\/cofecon\/index.php?rest_route=\/wp\/v2\/posts\/1242\/revisions"}],"wp:attachment":[{"href":"https:\/\/cofecon.org.br\/cofecon\/index.php?rest_route=%2Fwp%2Fv2%2Fmedia&parent=1242"}],"wp:term":[{"taxonomy":"category","embeddable":true,"href":"https:\/\/cofecon.org.br\/cofecon\/index.php?rest_route=%2Fwp%2Fv2%2Fcategories&post=1242"},{"taxonomy":"post_tag","embeddable":true,"href":"https:\/\/cofecon.org.br\/cofecon\/index.php?rest_route=%2Fwp%2Fv2%2Ftags&post=1242"}],"curies":[{"name":"wp","href":"https:\/\/api.w.org\/{rel}","templated":true}]}}