{"id":1239,"date":"2017-01-11T09:37:35","date_gmt":"2017-01-11T11:37:35","guid":{"rendered":"http:\/\/www.cofecon.org.br\/?p=1239"},"modified":"2017-01-11T09:37:35","modified_gmt":"2017-01-11T11:37:35","slug":"falta-estrategia","status":"publish","type":"post","link":"https:\/\/cofecon.org.br\/cofecon\/?p=1239","title":{"rendered":"Artigo &#8211; Falta estrat\u00e9gia"},"content":{"rendered":"<p style=\"text-align: justify;\">O que tem travado o desenvolvimento econ\u00f4mico de Bras\u00edlia nos \u00faltimos anos? S\u00e3o v\u00e1rias as causas, como veremos adiante, mas, principalmente, a total falta de uma estrat\u00e9gia de desenvolvimento.<\/p>\n<p style=\"text-align: justify;\">Estudo realizado pela consultoria Endeavor nos 32 principais munic\u00edpios brasileiros &#8211; abrangendo as 21 maiores capitais estaduais (exclui as cinco menores capitais, todas na Regi\u00e3o Norte), o Distrito Federal e os dez mais pr\u00f3speros munic\u00edpios de m\u00e9dio porte do Pa\u00eds \u2013 mostra Bras\u00edlia na 16\u00aa posi\u00e7\u00e3o, uma coloca\u00e7\u00e3o ruim, pois situa-se atr\u00e1s de todas as capitais do Sul\/Sudeste e de oito entre os dez munic\u00edpios de m\u00e9dio porte, e \u00e0 frente, apenas, das capitais do Norte\/Nordeste\/Centro Oeste, al\u00e9m dos outros dois munic\u00edpios de porte m\u00e9dio.<\/p>\n<p style=\"text-align: justify;\">Entre os sete quesitos do Estudo, Bras\u00edlia vai bem em tr\u00eas: \u00e9 a oitava em acesso a capital (extensa rede banc\u00e1ria e sede dos dois maiores bancos oficiais do Pa\u00eds); segunda em ambiente regulat\u00f3rio (refutando reclama\u00e7\u00f5es de muitos empres\u00e1rios) e terceira quanto a mercado (afinal, s\u00e3o 3 milh\u00f5es de consumidores com a maior renda per capita do Pa\u00eds).<\/p>\n<p style=\"text-align: justify;\">E em que quesitos Bras\u00edlia aparece mal? Nos que j\u00e1 estamos fartos de saber: 20\u00ba lugar em infraestrutura econ\u00f4mica (praticamente desconectada da malha ferrovi\u00e1ria nacional e com insuficiente suprimento energ\u00e9tico); 25\u00ba lugar em inova\u00e7\u00e3o (expressa na incapacidade de fazer decolar o parque cidade digital); 25\u00ba lugar em capital humano (baixo grau de qualifica\u00e7\u00e3o de profissionais em atividades t\u00e9cnicas e inovadoras) e \u00faltimo lugar em cultura empreendedora (consequ\u00eancia \u00f3bvia da forte depend\u00eancia do setor p\u00fablico).<\/p>\n<p style=\"text-align: justify;\">Sucessivos governos, presos na vis\u00e3o curtoprazista, acomodaram-se na depend\u00eancia de recursos federais e abdicaram de formular e implementar uma estrat\u00e9gia de desenvolvimento que estimule a atra\u00e7\u00e3o de investimentos e propicie a alavancagem da arrecada\u00e7\u00e3o tribut\u00e1ria pr\u00f3pria e a gera\u00e7\u00e3o de empregos. Ainda h\u00e1 tempo, governador.<\/p>\n<p style=\"text-align: justify;\"><strong>J\u00falio Miragaya, Presidente do Instituto Brasiliense de Estudos da Economia Regional (IBRASE)<\/strong><\/p>\n","protected":false},"excerpt":{"rendered":"<p>O que tem travado o desenvolvimento econ\u00f4mico de Bras\u00edlia nos \u00faltimos anos? S\u00e3o v\u00e1rias as causas, como veremos adiante, mas, principalmente, a total falta de uma estrat\u00e9gia de desenvolvimento. Estudo realizado pela consultoria Endeavor nos 32 principais munic\u00edpios brasileiros &#8211;<\/p>\n<p><a class=\"more-link\" href=\"https:\/\/cofecon.org.br\/cofecon\/?p=1239\">Leia Mais<\/a><\/p>\n","protected":false},"author":1,"featured_media":0,"comment_status":"open","ping_status":"open","sticky":false,"template":"","format":"standard","meta":{"footnotes":""},"categories":[6],"tags":[],"class_list":["post-1239","post","type-post","status-publish","format-standard","hentry","category-artigo"],"_links":{"self":[{"href":"https:\/\/cofecon.org.br\/cofecon\/index.php?rest_route=\/wp\/v2\/posts\/1239"}],"collection":[{"href":"https:\/\/cofecon.org.br\/cofecon\/index.php?rest_route=\/wp\/v2\/posts"}],"about":[{"href":"https:\/\/cofecon.org.br\/cofecon\/index.php?rest_route=\/wp\/v2\/types\/post"}],"author":[{"embeddable":true,"href":"https:\/\/cofecon.org.br\/cofecon\/index.php?rest_route=\/wp\/v2\/users\/1"}],"replies":[{"embeddable":true,"href":"https:\/\/cofecon.org.br\/cofecon\/index.php?rest_route=%2Fwp%2Fv2%2Fcomments&post=1239"}],"version-history":[{"count":0,"href":"https:\/\/cofecon.org.br\/cofecon\/index.php?rest_route=\/wp\/v2\/posts\/1239\/revisions"}],"wp:attachment":[{"href":"https:\/\/cofecon.org.br\/cofecon\/index.php?rest_route=%2Fwp%2Fv2%2Fmedia&parent=1239"}],"wp:term":[{"taxonomy":"category","embeddable":true,"href":"https:\/\/cofecon.org.br\/cofecon\/index.php?rest_route=%2Fwp%2Fv2%2Fcategories&post=1239"},{"taxonomy":"post_tag","embeddable":true,"href":"https:\/\/cofecon.org.br\/cofecon\/index.php?rest_route=%2Fwp%2Fv2%2Ftags&post=1239"}],"curies":[{"name":"wp","href":"https:\/\/api.w.org\/{rel}","templated":true}]}}