{"id":1233,"date":"2017-01-12T09:02:07","date_gmt":"2017-01-12T11:02:07","guid":{"rendered":"http:\/\/www.cofecon.org.br\/?p=1233"},"modified":"2017-01-12T09:02:07","modified_gmt":"2017-01-12T11:02:07","slug":"2017-o-sol-nascente","status":"publish","type":"post","link":"https:\/\/cofecon.org.br\/cofecon\/?p=1233","title":{"rendered":"Artigo &#8211; 2017: O sol nascente"},"content":{"rendered":"<p style=\"text-align: justify;\">Passada a festa brilhante de fogos art\u00edsticos na virada do ano, o brasileiro, ap\u00f3s curto sono, acorda olhando para o horizonte e v\u00ea o sol nascer, embora ainda com grande nebulosidade. Esta \u00e9 fruto da m\u00e1 gest\u00e3o p\u00fablica cultivada ao longo dos anos, enfatizada nas duas d\u00e9cadas deste s\u00e9culo, em que floresceu a inefici\u00eancia e a corrup\u00e7\u00e3o da gest\u00e3o p\u00fablica nesta dimens\u00e3o.<\/p>\n<p style=\"text-align: justify;\">O efeito dessa desordem devastadora deixou n\u00e3o s\u00f3 a Uni\u00e3o como Estados e Munic\u00edpios em situa\u00e7\u00e3o desestruturada. Felizmente, tanto o atual governo federal como estaduais e municipais, em grande parte, est\u00e3o manifestando a conscientiza\u00e7\u00e3o da realidade e o interesse em adotar medidas corretivas, destacadamente a redu\u00e7\u00e3o dos gastos p\u00fablicos e o expurgo da corrup\u00e7\u00e3o. Embora s\u00f3 isso n\u00e3o seja suficiente, visto que \u00e9 preciso dinamizar a economia, mas j\u00e1 \u00e9 uma boa sinaliza\u00e7\u00e3o da conscientiza\u00e7\u00e3o das grandes falhas governamentais.<\/p>\n<p style=\"text-align: justify;\">As medidas sinalizadas pelo Governo Federal s\u00e3o um ponto de partida. Muito ainda precisar\u00e1 fazer para transformar este Pa\u00eds de rico potencial em Pa\u00eds Desenvolvido. S\u00f3 explorar recursos naturais e utilizar sua capacidade de endividamento \u00e9 uma rota inst\u00e1vel e perigosa.<\/p>\n<p style=\"text-align: justify;\">Muito se precisar\u00e1 fazer em favor da sa\u00fade, da educa\u00e7\u00e3o, da seguran\u00e7a, da infraestrutura, da capacita\u00e7\u00e3o competitiva e da efic\u00e1cia governamental. N\u00e3o adianta apenas falar e prometer. \u00c9 preciso fazer acontecer.<\/p>\n<p style=\"text-align: justify;\">\u00c9 muito v\u00e1lida a premissa de que \u201cA palavra solta, a flecha desferida e a oportunidade perdida\u201d s\u00e3o irrecuper\u00e1veis. Melhorar a efic\u00e1cia governamental \u00e9 indispens\u00e1vel. Isso n\u00e3o s\u00f3 evitar\u00e1 o desperd\u00edcio como facilitar\u00e1 a a\u00e7\u00e3o dos empreendedores. Reduzir o tamanho da m\u00e1quina p\u00fablica \u00e9 indispens\u00e1vel e parece ser a preocupa\u00e7\u00e3o de muitos governantes rec\u00e9m empossados. O pr\u00f3prio legislativo tem grande espa\u00e7o para reduzir. N\u00e3o se justifica uma c\u00e2mara com 513 deputados. H\u00e1 espa\u00e7o para reduzir de 40 a 50%. Isso implicaria numa brutal redu\u00e7\u00e3o da equipe, muitos dos quais simples benefici\u00e1rios ou parentes. Poder-se ia criar uma secretaria t\u00e9cnica que servisse a todos os deputados e esses teriam sua equipe minimizada. Ser\u00e1 f\u00e1cil fazer isso? Certamente n\u00e3o, visto que fere interesses pessoais, mas seria \u00fatil e poss\u00edvel.<\/p>\n<p style=\"text-align: justify;\">Chega de desperd\u00edcio e corrup\u00e7\u00e3o. Alimentemos a esperan\u00e7a de que at\u00e9 o final desta d\u00e9cada tenhamos transforma\u00e7\u00f5es corretivas estrat\u00e9gicas. Para tanto, ser\u00e1 necess\u00e1rio cultivar e estimular a cria\u00e7\u00e3o e presen\u00e7a da t\u00e3o desejada \u201cComunidade C\u00edvica\u201d. A Cria\u00e7\u00e3o de um CGI (Conselho Gestor Independente), composto por profissionais corretos e competentes que represente o n\u00facleo b\u00e1sico da sociedade \u2013 Governo, Institui\u00e7\u00f5es e Cidad\u00e3os \u2013 seria muito \u00fatil para estimular, direcionar, avaliar e corrigir, com responsabilidade,\u00a0 os rumos e a\u00e7\u00f5es dos setores p\u00fablicos e privados. Esse CGI n\u00e3o s\u00f3 acompanharia o desempenho das a\u00e7\u00f5es recomendadas como faria as sugest\u00f5es corretivas e evolutivas ao longo do desempenho do processo.<\/p>\n<p style=\"text-align: justify;\">Como esta seria uma a\u00e7\u00e3o que n\u00e3o coincide com os interesses particulares, principalmente dos favorecidos dos processos corruptos, n\u00e3o ser\u00e1 uma tarefa f\u00e1cil. Mas seria uma a\u00e7\u00e3o desej\u00e1vel e com ampla repercuss\u00e3o favor\u00e1vel para a constru\u00e7\u00e3o de um Pa\u00eds saud\u00e1vel, com benef\u00edcios \u00e0 sociedade e bloqueio \u00e0 corrup\u00e7\u00e3o.<\/p>\n<p style=\"text-align: justify;\">Isto \u00e9 dif\u00edcil, mas \u00e9 poss\u00edvel. Precisamos refletir e agir.<\/p>\n<hr \/>\n<p style=\"text-align: justify;\"><strong>Humberto Dalsasso<\/strong> \u00e9 Economista e Consultor Empresarial de Alta Gest\u00e3o.<\/p>\n","protected":false},"excerpt":{"rendered":"<p>Passada a festa brilhante de fogos art\u00edsticos na virada do ano, o brasileiro, ap\u00f3s curto sono, acorda olhando para o horizonte e v\u00ea o sol nascer, embora ainda com grande nebulosidade. Esta \u00e9 fruto da m\u00e1 gest\u00e3o p\u00fablica cultivada ao<\/p>\n<p><a class=\"more-link\" href=\"https:\/\/cofecon.org.br\/cofecon\/?p=1233\">Leia Mais<\/a><\/p>\n","protected":false},"author":1,"featured_media":0,"comment_status":"open","ping_status":"open","sticky":false,"template":"","format":"standard","meta":{"footnotes":""},"categories":[6],"tags":[],"class_list":["post-1233","post","type-post","status-publish","format-standard","hentry","category-artigo"],"_links":{"self":[{"href":"https:\/\/cofecon.org.br\/cofecon\/index.php?rest_route=\/wp\/v2\/posts\/1233"}],"collection":[{"href":"https:\/\/cofecon.org.br\/cofecon\/index.php?rest_route=\/wp\/v2\/posts"}],"about":[{"href":"https:\/\/cofecon.org.br\/cofecon\/index.php?rest_route=\/wp\/v2\/types\/post"}],"author":[{"embeddable":true,"href":"https:\/\/cofecon.org.br\/cofecon\/index.php?rest_route=\/wp\/v2\/users\/1"}],"replies":[{"embeddable":true,"href":"https:\/\/cofecon.org.br\/cofecon\/index.php?rest_route=%2Fwp%2Fv2%2Fcomments&post=1233"}],"version-history":[{"count":0,"href":"https:\/\/cofecon.org.br\/cofecon\/index.php?rest_route=\/wp\/v2\/posts\/1233\/revisions"}],"wp:attachment":[{"href":"https:\/\/cofecon.org.br\/cofecon\/index.php?rest_route=%2Fwp%2Fv2%2Fmedia&parent=1233"}],"wp:term":[{"taxonomy":"category","embeddable":true,"href":"https:\/\/cofecon.org.br\/cofecon\/index.php?rest_route=%2Fwp%2Fv2%2Fcategories&post=1233"},{"taxonomy":"post_tag","embeddable":true,"href":"https:\/\/cofecon.org.br\/cofecon\/index.php?rest_route=%2Fwp%2Fv2%2Ftags&post=1233"}],"curies":[{"name":"wp","href":"https:\/\/api.w.org\/{rel}","templated":true}]}}