{"id":1229,"date":"2017-01-12T08:48:18","date_gmt":"2017-01-12T10:48:18","guid":{"rendered":"http:\/\/www.cofecon.org.br\/?p=1229"},"modified":"2017-01-12T08:48:18","modified_gmt":"2017-01-12T10:48:18","slug":"copom-reduz-juros-para-13-ao-ano","status":"publish","type":"post","link":"https:\/\/cofecon.org.br\/cofecon\/?p=1229","title":{"rendered":"Copom reduz juros para 13% ao ano"},"content":{"rendered":"<p style=\"text-align: justify;\"><span title=\"buy viagra\"><img loading=\"lazy\" decoding=\"async\" class=\"alignleft\" src=\"http:\/\/www.cofecon.org.br\/images\/stories\/2017\/Selic-JAN16.png\" alt=\"Selic-JAN16\" width=\"400\" height=\"229\" \/>O Comit\u00ea de Pol\u00edtica Monet\u00e1ria do Banco Central (Copom) anunciou nesta quarta-feira (11) a redu\u00e7\u00e3o da taxa b\u00e1sica de juros (Selic) para 13% ao ano. A queda de 0,75 ponto percentual foi maior que o esperado pelo mercado, conforme indicou o boletim Focus divulgado na \u00faltima segunda-feira (09). A decis\u00e3o se deu por unanimidade.<\/span><\/p>\n<p style=\"text-align: justify;\">Os integrantes do Copom cogitaram uma redu\u00e7\u00e3o de 0,50 ponto percentual, sinalizando uma queda maior na pr\u00f3xima reuni\u00e3o &#8211; que se realizar\u00e1 nos dias 21 e 22 de fevereiro. Entretanto, a atividade econ\u00f4mica abaixo do esperado e a infla\u00e7\u00e3o dentro da meta, com uma expectativa de 4,8% para 2017, levaram o Comit\u00ea a antecipar este corte maior na taxa b\u00e1sica de juros.<\/p>\n<p style=\"text-align: justify;\">Leia abaixo o comunicado do Copom divulgado \u00e0 imprensa:<\/p>\n<p style=\"text-align: justify;\">O Copom decidiu, por unanimidade, reduzir a taxa Selic para 13,00% a.a., sem vi\u00e9s.<\/p>\n<p style=\"text-align: justify;\">A atualiza\u00e7\u00e3o do cen\u00e1rio b\u00e1sico do Copom pode ser descrita com as seguintes observa\u00e7\u00f5es:<\/p>\n<p style=\"text-align: justify;\">O conjunto dos indicadores sugere atividade econ\u00f4mica aqu\u00e9m do esperado. A evid\u00eancia dispon\u00edvel sinaliza que a retomada da atividade econ\u00f4mica deve ser ainda mais demorada e gradual que a antecipada previamente;<\/p>\n<p style=\"text-align: justify;\">No \u00e2mbito externo, o cen\u00e1rio ainda \u00e9 bastante incerto. Entretanto, at\u00e9 o momento, os efeitos do fim do interregno benigno t\u00eam sido limitados;<\/p>\n<p style=\"text-align: justify;\">A infla\u00e7\u00e3o recente continuou mais favor\u00e1vel que o esperado. H\u00e1 evid\u00eancias de que o processo de desinfla\u00e7\u00e3o mais difundida tenha atingido tamb\u00e9m componentes mais sens\u00edveis \u00e0 pol\u00edtica monet\u00e1ria e ao ciclo econ\u00f4mico;<\/p>\n<p style=\"text-align: justify;\">A infla\u00e7\u00e3o acumulada no ano passado alcan\u00e7ou 6,3%, bem abaixo do esperado h\u00e1 poucos meses e dentro do intervalo de toler\u00e2ncia da meta para a infla\u00e7\u00e3o estabelecido para 2016;<\/p>\n<p style=\"text-align: justify;\">As expectativas de infla\u00e7\u00e3o apuradas pela pesquisa Focus recuaram para em torno de 4,8% para 2017, e mantiveram-se ancoradas ao redor de 4,5% para 2018 e horizontes mais distantes;<\/p>\n<p style=\"text-align: justify;\">As proje\u00e7\u00f5es condicionais do Copom tamb\u00e9m recuaram em rela\u00e7\u00e3o \u00e0s divulgadas no Relat\u00f3rio de Infla\u00e7\u00e3o passado, que foram baseadas no conjunto de informa\u00e7\u00f5es dispon\u00edveis at\u00e9 9 de dezembro de 2016. Dentre outros fatores, os recuos nas proje\u00e7\u00f5es foram influenciados por dados de infla\u00e7\u00e3o e atividade econ\u00f4mica divulgados desde ent\u00e3o. As proje\u00e7\u00f5es no cen\u00e1rio de refer\u00eancia encontram-se em torno de 4,0% e 3,4% para 2017 e 2018, respectivamente. J\u00e1 no cen\u00e1rio de mercado, situam-se em torno de 4,4% e 4,5% para 2017 e 2018, respectivamente; e<\/p>\n<p style=\"text-align: justify;\">Os passos no processo de encaminhamento e aprova\u00e7\u00e3o das reformas fiscais t\u00eam sido positivos at\u00e9 o momento.<\/p>\n<p style=\"text-align: justify;\">O Comit\u00ea ressalta os seguintes riscos para o cen\u00e1rio b\u00e1sico para a infla\u00e7\u00e3o:<\/p>\n<p style=\"text-align: justify;\">Por um lado, (i) o alto grau de incerteza no cen\u00e1rio externo pode dificultar o processo de desinfla\u00e7\u00e3o; (ii) o processo de desinfla\u00e7\u00e3o de alguns componentes do IPCA mais sens\u00edveis ao ciclo econ\u00f4mico e \u00e0 pol\u00edtica monet\u00e1ria requer aten\u00e7\u00e3o cont\u00ednua; (iii) o processo de aprova\u00e7\u00e3o e implementa\u00e7\u00e3o das reformas e ajustes necess\u00e1rios na economia \u00e9 longo e envolve incertezas;<\/p>\n<p style=\"text-align: justify;\">Por outro lado, (iv) a atividade econ\u00f4mica mais fraca e o elevado n\u00edvel de ociosidade na economia podem produzir desinfla\u00e7\u00e3o mais r\u00e1pida que a refletida nas proje\u00e7\u00f5es do Copom; (v) a infla\u00e7\u00e3o tem se mostrado mais favor\u00e1vel, o que pode sinalizar menor persist\u00eancia no processo inflacion\u00e1rio; e (vi) o processo de aprova\u00e7\u00e3o e implementa\u00e7\u00e3o das reformas e ajustes necess\u00e1rios na economia pode ocorrer de forma mais c\u00e9lere que o antecipado.<\/p>\n<p style=\"text-align: justify;\">Considerando o cen\u00e1rio b\u00e1sico, o balan\u00e7o de riscos e o amplo conjunto de informa\u00e7\u00f5es dispon\u00edveis, o Copom decidiu, por unanimidade, pela redu\u00e7\u00e3o da taxa b\u00e1sica de juros para 13,00% a.a., sem vi\u00e9s. O Comit\u00ea entende que a converg\u00eancia da infla\u00e7\u00e3o para a meta de 4,5% no horizonte relevante para a condu\u00e7\u00e3o da pol\u00edtica monet\u00e1ria, que inclui os anos-calend\u00e1rio de 2017 e, com peso gradualmente crescente, de 2018, \u00e9 compat\u00edvel com intensifica\u00e7\u00e3o da flexibiliza\u00e7\u00e3o monet\u00e1ria em curso.<\/p>\n<p style=\"text-align: justify;\">O Copom avaliou a alternativa de reduzir a taxa b\u00e1sica de juros para 13,25% e sinalizar uma intensidade maior de queda para a pr\u00f3xima reuni\u00e3o. Entretanto, diante do ambiente com expectativas de infla\u00e7\u00e3o ancoradas, o Comit\u00ea entende que o atual cen\u00e1rio, com um processo de desinfla\u00e7\u00e3o mais disseminado e atividade econ\u00f4mica aqu\u00e9m do esperado, j\u00e1 torna apropriada a antecipa\u00e7\u00e3o do ciclo de distens\u00e3o da pol\u00edtica monet\u00e1ria, permitindo o estabelecimento do novo ritmo de flexibiliza\u00e7\u00e3o. A extens\u00e3o do ciclo e poss\u00edveis revis\u00f5es no ritmo de flexibiliza\u00e7\u00e3o continuar\u00e3o dependendo das proje\u00e7\u00f5es e expectativas de infla\u00e7\u00e3o e da evolu\u00e7\u00e3o dos fatores de risco mencionados acima.<\/p>\n<p style=\"text-align: justify;\">Votaram por essa decis\u00e3o os seguintes membros do Comit\u00ea: Ilan Goldfajn (Presidente), Anthero de Moraes Meirelles, Carlos Viana de Carvalho, Isaac Sidney Menezes Ferreira, Luiz Edson Feltrim, Ot\u00e1vio Ribeiro Damaso, Reinaldo Le Grazie, Sidnei Corr\u00eaa Marques e Tiago Couto Berriel.<\/p>\n","protected":false},"excerpt":{"rendered":"<p>O Comit\u00ea de Pol\u00edtica Monet\u00e1ria do Banco Central (Copom) anunciou nesta quarta-feira (11) a redu\u00e7\u00e3o da taxa b\u00e1sica de juros (Selic) para 13% ao ano. A queda de 0,75 ponto percentual foi maior que o esperado pelo mercado, conforme indicou<\/p>\n<p><a class=\"more-link\" href=\"https:\/\/cofecon.org.br\/cofecon\/?p=1229\">Leia Mais<\/a><\/p>\n","protected":false},"author":1,"featured_media":0,"comment_status":"open","ping_status":"open","sticky":false,"template":"","format":"standard","meta":{"footnotes":""},"categories":[2],"tags":[],"class_list":["post-1229","post","type-post","status-publish","format-standard","hentry","category-noticias"],"_links":{"self":[{"href":"https:\/\/cofecon.org.br\/cofecon\/index.php?rest_route=\/wp\/v2\/posts\/1229"}],"collection":[{"href":"https:\/\/cofecon.org.br\/cofecon\/index.php?rest_route=\/wp\/v2\/posts"}],"about":[{"href":"https:\/\/cofecon.org.br\/cofecon\/index.php?rest_route=\/wp\/v2\/types\/post"}],"author":[{"embeddable":true,"href":"https:\/\/cofecon.org.br\/cofecon\/index.php?rest_route=\/wp\/v2\/users\/1"}],"replies":[{"embeddable":true,"href":"https:\/\/cofecon.org.br\/cofecon\/index.php?rest_route=%2Fwp%2Fv2%2Fcomments&post=1229"}],"version-history":[{"count":0,"href":"https:\/\/cofecon.org.br\/cofecon\/index.php?rest_route=\/wp\/v2\/posts\/1229\/revisions"}],"wp:attachment":[{"href":"https:\/\/cofecon.org.br\/cofecon\/index.php?rest_route=%2Fwp%2Fv2%2Fmedia&parent=1229"}],"wp:term":[{"taxonomy":"category","embeddable":true,"href":"https:\/\/cofecon.org.br\/cofecon\/index.php?rest_route=%2Fwp%2Fv2%2Fcategories&post=1229"},{"taxonomy":"post_tag","embeddable":true,"href":"https:\/\/cofecon.org.br\/cofecon\/index.php?rest_route=%2Fwp%2Fv2%2Ftags&post=1229"}],"curies":[{"name":"wp","href":"https:\/\/api.w.org\/{rel}","templated":true}]}}