{"id":12265,"date":"2020-08-10T16:38:12","date_gmt":"2020-08-10T19:38:12","guid":{"rendered":"https:\/\/www.cofecon.org.br\/?p=12265"},"modified":"2020-08-10T16:38:12","modified_gmt":"2020-08-10T19:38:12","slug":"projeto-economia-que-queremos-do-corecon-pb-recebe-o-ex-ministro-mailson-da-nobrega","status":"publish","type":"post","link":"https:\/\/cofecon.org.br\/cofecon\/?p=12265","title":{"rendered":"Projeto &#8220;Economia que queremos&#8221;, do Corecon-PB, recebe o ex-ministro Ma\u00edlson da N\u00f3brega"},"content":{"rendered":"\n<p><img loading=\"lazy\" decoding=\"async\" class=\"wp-image-12266 size-medium alignleft\" src=\"https:\/\/www.cofecon.org.br\/wp-content\/uploads\/2020\/08\/WhatsApp-Image-2020-08-09-at-16.16.26-300x300.jpeg\" alt=\"\" width=\"300\" height=\"300\" srcset=\"https:\/\/cofecon.org.br\/cofecon\/wp-content\/uploads\/2020\/08\/WhatsApp-Image-2020-08-09-at-16.16.26-300x300.jpeg 300w, https:\/\/cofecon.org.br\/cofecon\/wp-content\/uploads\/2020\/08\/WhatsApp-Image-2020-08-09-at-16.16.26-1024x1024.jpeg 1024w, https:\/\/cofecon.org.br\/cofecon\/wp-content\/uploads\/2020\/08\/WhatsApp-Image-2020-08-09-at-16.16.26-150x150.jpeg 150w, https:\/\/cofecon.org.br\/cofecon\/wp-content\/uploads\/2020\/08\/WhatsApp-Image-2020-08-09-at-16.16.26-768x768.jpeg 768w, https:\/\/cofecon.org.br\/cofecon\/wp-content\/uploads\/2020\/08\/WhatsApp-Image-2020-08-09-at-16.16.26-800x800.jpeg 800w, https:\/\/cofecon.org.br\/cofecon\/wp-content\/uploads\/2020\/08\/WhatsApp-Image-2020-08-09-at-16.16.26-250x250.jpeg 250w, https:\/\/cofecon.org.br\/cofecon\/wp-content\/uploads\/2020\/08\/WhatsApp-Image-2020-08-09-at-16.16.26.jpeg 1166w\" sizes=\"(max-width: 300px) 100vw, 300px\" \/>O Conselho Regional de Economia da Para\u00edba (Corecon-PB) realizar\u00e1 nesta quarta-feira, 12 de agosto, mais uma edi\u00e7\u00e3o do projeto &#8220;A Economia que queremos&#8221;. O economista e ex-ministro da Fazenda Mailson da N\u00f3brega apresentar\u00e1 o tema &#8220;As quatro reformas tribut\u00e1rias&#8221;.<\/p>\n<p>\u00a0A transmiss\u00e3o ocorrer\u00e1 a partir das 18h30, no canal do Corecon-PB no Youtube &#8211; https:\/\/youtu.be\/rztadYNOl20<\/p>\n<p>O evento marca o in\u00edcio da programa\u00e7\u00e3o Dia do Economista, celebrado em 13 de agosto e comemorado durante todo o m\u00eas. O programa ter\u00e1 a media\u00e7\u00e3o dos economistas Jo\u00e3o Bosco Oliveira, conselheiro do Cofecon, e Rafael Bernardino, ex presidente do Corecon PB e presidente da Associa\u00e7\u00e3o Comercial da Para\u00edba.<\/p>\n","protected":false},"excerpt":{"rendered":"","protected":false},"author":1,"featured_media":12267,"comment_status":"closed","ping_status":"closed","sticky":false,"template":"","format":"standard","meta":{"footnotes":""},"categories":[4,2],"tags":[],"class_list":["post-12265","post","type-post","status-publish","format-standard","has-post-thumbnail","hentry","category-corecons-em-movimento","category-noticias"],"_links":{"self":[{"href":"https:\/\/cofecon.org.br\/cofecon\/index.php?rest_route=\/wp\/v2\/posts\/12265"}],"collection":[{"href":"https:\/\/cofecon.org.br\/cofecon\/index.php?rest_route=\/wp\/v2\/posts"}],"about":[{"href":"https:\/\/cofecon.org.br\/cofecon\/index.php?rest_route=\/wp\/v2\/types\/post"}],"author":[{"embeddable":true,"href":"https:\/\/cofecon.org.br\/cofecon\/index.php?rest_route=\/wp\/v2\/users\/1"}],"replies":[{"embeddable":true,"href":"https:\/\/cofecon.org.br\/cofecon\/index.php?rest_route=%2Fwp%2Fv2%2Fcomments&post=12265"}],"version-history":[{"count":0,"href":"https:\/\/cofecon.org.br\/cofecon\/index.php?rest_route=\/wp\/v2\/posts\/12265\/revisions"}],"wp:featuredmedia":[{"embeddable":true,"href":"https:\/\/cofecon.org.br\/cofecon\/index.php?rest_route=\/wp\/v2\/media\/12267"}],"wp:attachment":[{"href":"https:\/\/cofecon.org.br\/cofecon\/index.php?rest_route=%2Fwp%2Fv2%2Fmedia&parent=12265"}],"wp:term":[{"taxonomy":"category","embeddable":true,"href":"https:\/\/cofecon.org.br\/cofecon\/index.php?rest_route=%2Fwp%2Fv2%2Fcategories&post=12265"},{"taxonomy":"post_tag","embeddable":true,"href":"https:\/\/cofecon.org.br\/cofecon\/index.php?rest_route=%2Fwp%2Fv2%2Ftags&post=12265"}],"curies":[{"name":"wp","href":"https:\/\/api.w.org\/{rel}","templated":true}]}}