{"id":1224,"date":"2017-01-16T08:36:42","date_gmt":"2017-01-16T10:36:42","guid":{"rendered":"http:\/\/www.cofecon.org.br\/?p=1224"},"modified":"2017-01-16T08:36:42","modified_gmt":"2017-01-16T10:36:42","slug":"corecons-elegem-presidentes-e-vice-presidentes-para-2017","status":"publish","type":"post","link":"https:\/\/cofecon.org.br\/cofecon\/?p=1224","title":{"rendered":"Corecons elegem presidentes e vice-presidentes para 2017"},"content":{"rendered":"<p style=\"text-align: justify;\">Na primeira quinzena de janeiro os Conselhos Regionais de Economia de todo o Brasil elegeram seus novos presidentes e vice-presidentes. A elei\u00e7\u00e3o \u00e9 feita entre os conselheiros regionais efetivos e o mandato, de um ano, dura at\u00e9 31 de dezembro de 2017. \u00c9 permitida a reelei\u00e7\u00e3o do presidente por at\u00e9 mais dois mandatos consecutivos, condicionada \u00e0 dura\u00e7\u00e3o do mandato do economista como conselheiro regional. Leia abaixo os nomes dos economistas eleitos como presidente e vice-presidente de cada Corecon:<\/p>\n<p><b>Corecon-RJ<\/b><br \/>\n Presidente: Jos\u00e9 Antonio Lutterbach Soares.<br \/>\n Vice-Presidente: Jo\u00e3o Manoel Gon\u00e7alves Barbosa.<\/p>\n<p><b>Corecon-SP<\/b><br \/>\n Presidente: Manuel Enr\u00edquez Garc\u00eda.<br \/>\n Vice-Presidente: Luiz Carlos Barnab\u00e9 de Almeida.<\/p>\n<p><b>Corecon-PE<br \/>\n <\/b>Presidente: Fernando de Aquino Fonseca Neto.<br \/>\n Vice-Presidente: Ana Cl\u00e1udia Arruda Laprovitera.<\/p>\n<p><b>Corecon-RS<br \/>\n <\/b>Presidente: Clovis Benoni Meurer.<br \/>\n Vice-Presidente: Rog\u00e9rio Vianna Tolfo.<\/p>\n<p><b>Corecon-BA<br \/>\n <\/b>Presidente: Gustavo Casseb Pessoti.<br \/>\n Vice-Presidente: Marcelo Jos\u00e9 dos Santos.<\/p>\n<p><b>Corecon-PR<br \/>\n <\/b>Presidente: Maria de F\u00e1tima Miranda.<br \/>\n Vice-Presidente: Celso Bernardo.<\/p>\n<p><b>Corecon-SC<br \/>\n <\/b>Presidente: Paulo Roberto Polli Lobo.<br \/>\n Vice-Presidente: Nilton Leitempherger.<\/p>\n<p><b>Corecon-CE<\/b><br \/>\n Presidente: Lauro Chaves Neto.<br \/>\n Vice-Presidente: Ricardo Eleut\u00e9rio Rocha.<\/p>\n<p><b>Corecon-PA\/AP<br \/>\n <\/b>Presidente: Raul Paulo Sarmento.<br \/>\n Vice-Presidente: Cleber Mour\u00e3o.<\/p>\n<p><b>Corecon-MG<br \/>\n <\/b>Presidente: Paulo Roberto Paix\u00e3o Bretas.<br \/>\n Vice-Presidente: Adriano Miglio Porto.<\/p>\n<p><b>Corecon-DF<br \/>\n <\/b>Presidente: M\u00e1rio S\u00e9rgio Fernandez Sallorenzo.<br \/>\n Vice-Presidente: M\u00f4nica Beraldo Fabr\u00edcio da Silva.<\/p>\n<p><b>Corecon-AL<br \/>\n <\/b>Presidente: Maur\u00edlio Proc\u00f3pio Gomes.<br \/>\n Vice-Presidente: Jos\u00e9 Alex Ten\u00f3rio da Costa.<\/p>\n<p><b>Corecon-AM<br \/>\n <\/b>Presidente: Nelson Azevedo dos Santos.<br \/>\n Vice-Presidente: Stony Binda Figueiredo.<\/p>\n<p><b>Corecon-MT<br \/>\n <\/b>Presidente: Evaldo da Silva.<br \/>\n Vice-Presidente: Ricardo Augusto Moreira da Silva.<\/p>\n<p><b>Corecon-MA<br \/>\n <\/b>Presidente: Frednan Bezerra dos Santos.<br \/>\n Vice-Presidente: Heric Santos Hosso\u00e9.<\/p>\n<p><b>Corecon-SE<br \/>\n <\/b>Presidente: Lion Rodrigues Schuster.<br \/>\n Vice-Presidente: Eduardo Alves Bastos.<\/p>\n<p><b>Corecon-ES<\/b><br \/>\n Presidente: Vitor Nunes Toscano.<br \/>\n Vice-Presidente: Eduardo Reis Ara\u00fajo.<\/p>\n<p><b>Corecon-GO<br \/>\n <\/b>Presidente: Joaquim da Cunha Bastos Junior.<br \/>\n Vice-Presidente: Andr\u00e9 Luis Braga Rodrigues dos Santos.<\/p>\n<p><b>Corecon-RN<br \/>\n <\/b>Presidente: Ricardo Val\u00e9rio Costa Menezes.<br \/>\n Vice-Presidente: Leovigildo Cavalcante de Albuquerque Neto.<\/p>\n<p><b>Corecon-MS<br \/>\n <\/b>Presidente: Thales de Souza Campos.<br \/>\n Vice-Presidente: Juan Carlos Antonelli Vidal.<\/p>\n<p><b>Corecon-PB<br \/>\n <\/b>Presidente: Jo\u00e3o Bosco Ferraz de Oliveira.<br \/>\n Vice-Presidente: Cl\u00e1udio Rocha.<\/p>\n<p><b>Corecon-PI<br \/>\n <\/b>Presidente: Teresinha de Jesus Ferreira da Silva.<br \/>\n Vice-Presidente: Dorgilan Rodr\u00edguez da Cruz.<\/p>\n<p><b>Corecon-AC<br \/>\n <\/b>Presidente: Marcos Maur\u00edcio Cordeiro Lopes.<br \/>\n Vice-Presidente: Alessandro Callil de Castro.<\/p>\n<p><b>Corecon-RO<br \/>\n <\/b>Presidente: Jo\u00e3o Batista Almeida.<br \/>\n Vice-Presidente: Marcio Freitas Martins.<\/p>\n<p><b>Corecon-TO<\/b><br \/>\n Presidente: Higor de Sousa Franco.<br \/>\n Vice-Presidente: Rosilene Sudr\u00e9 da Silva.<\/p>\n<p><b>Corecon-RR<\/b><br \/>\n Presidente: C\u00edcero Ivo Moura Bezerra J\u00fanior.<br \/>\n Vice-Presidente: F\u00e1bio Rodrigues Martinez.<\/p>\n","protected":false},"excerpt":{"rendered":"<p>Na primeira quinzena de janeiro os Conselhos Regionais de Economia de todo o Brasil elegeram seus novos presidentes e vice-presidentes. A elei\u00e7\u00e3o \u00e9 feita entre os conselheiros regionais efetivos e o mandato, de um ano, dura at\u00e9 31 de dezembro<\/p>\n<p><a class=\"more-link\" href=\"https:\/\/cofecon.org.br\/cofecon\/?p=1224\">Leia Mais<\/a><\/p>\n","protected":false},"author":1,"featured_media":0,"comment_status":"open","ping_status":"open","sticky":false,"template":"","format":"standard","meta":{"footnotes":""},"categories":[2],"tags":[],"class_list":["post-1224","post","type-post","status-publish","format-standard","hentry","category-noticias"],"_links":{"self":[{"href":"https:\/\/cofecon.org.br\/cofecon\/index.php?rest_route=\/wp\/v2\/posts\/1224"}],"collection":[{"href":"https:\/\/cofecon.org.br\/cofecon\/index.php?rest_route=\/wp\/v2\/posts"}],"about":[{"href":"https:\/\/cofecon.org.br\/cofecon\/index.php?rest_route=\/wp\/v2\/types\/post"}],"author":[{"embeddable":true,"href":"https:\/\/cofecon.org.br\/cofecon\/index.php?rest_route=\/wp\/v2\/users\/1"}],"replies":[{"embeddable":true,"href":"https:\/\/cofecon.org.br\/cofecon\/index.php?rest_route=%2Fwp%2Fv2%2Fcomments&post=1224"}],"version-history":[{"count":0,"href":"https:\/\/cofecon.org.br\/cofecon\/index.php?rest_route=\/wp\/v2\/posts\/1224\/revisions"}],"wp:attachment":[{"href":"https:\/\/cofecon.org.br\/cofecon\/index.php?rest_route=%2Fwp%2Fv2%2Fmedia&parent=1224"}],"wp:term":[{"taxonomy":"category","embeddable":true,"href":"https:\/\/cofecon.org.br\/cofecon\/index.php?rest_route=%2Fwp%2Fv2%2Fcategories&post=1224"},{"taxonomy":"post_tag","embeddable":true,"href":"https:\/\/cofecon.org.br\/cofecon\/index.php?rest_route=%2Fwp%2Fv2%2Ftags&post=1224"}],"curies":[{"name":"wp","href":"https:\/\/api.w.org\/{rel}","templated":true}]}}