{"id":1220,"date":"2017-01-23T08:28:28","date_gmt":"2017-01-23T10:28:28","guid":{"rendered":"http:\/\/www.cofecon.org.br\/?p=1220"},"modified":"2017-01-23T08:28:28","modified_gmt":"2017-01-23T10:28:28","slug":"1220","status":"publish","type":"post","link":"https:\/\/cofecon.org.br\/cofecon\/?p=1220","title":{"rendered":"CAGED mostra queda nos empregos formais no Pa\u00eds"},"content":{"rendered":"<p style=\"text-align: justify;\"><img loading=\"lazy\" decoding=\"async\" class=\"alignleft\" src=\"http:\/\/www.cofecon.org.br\/images\/grafico_julio.jpg\" alt=\"grafico julio\" width=\"350\" height=\"200\" \/>O ano de 2016 encerrou com queda no ritmo da perda de empregos formais no pa\u00eds. Nos \u00faltimos 12 meses, foram fechadas 1.321.994 vagas, 14% a menos do que no mesmo per\u00edodo de 2015, quando o mercado perdeu 1.534.989 postos de trabalho. Apesar dos n\u00fameros ainda serem negativos, a compara\u00e7\u00e3o j\u00e1 mostra uma diminui\u00e7\u00e3o significativa no fechamento de vagas.<\/p>\n<p style=\"text-align: justify;\">A crise come\u00e7ou a perder f\u00f4lego em abril de 2016, quando o pa\u00eds registrava o pico de 1.825.609 vagas fechadas em um per\u00edodo de 12 meses. Mas esse n\u00famero come\u00e7ou a cair m\u00eas a m\u00eas. No final do ano, a perda em 12 meses j\u00e1 estava menor em 503.615 postos. Em dezembro, m\u00eas que historicamente apresenta forte aumento no n\u00famero de demiss\u00f5es, a perda foi de 462.366 vagas, 22,4% menor do que no mesmo per\u00edodo de 2015, outro dado que mostra o arrefecimento na crise do emprego.<\/p>\n<p style=\"text-align: justify;\">Desempenho setorial &#8211; O ano de 2016 ainda apresentou resultados negativos em todos os setores, embora j\u00e1 com um ritmo menor do que em 2015. Em n\u00fameros relativos, o setor que menos sofreu nos \u00faltimos 12 meses foi o da Agricultura, com um fechamento de apenas 0,84% das vagas, seguido pela Administra\u00e7\u00e3o P\u00fablica, que teve percentual negativo de 0,97%. O Com\u00e9rcio e os Servi\u00e7os tiveram perdas de 2,22% e 2,28% respectivamente. O setor que mais sofreu foi o da Constru\u00e7\u00e3o Civil, que fechou 13,48% dos postos formais, seguido pelo Extrativo Mineral (-5,67%) e a Ind\u00fastria da Transforma\u00e7\u00e3o (-4,23%).<\/p>\n<p style=\"text-align: justify;\">Dados regionais &#8211; Entre as 27 unidades da federa\u00e7\u00e3o, Roraima se destacou com resultado positivo na cria\u00e7\u00e3o de empregos formais no ano passado. O estoque de vagas passou de 51.662 em dezembro de 2015 para 51.746 em dezembro de 2016 \u2013 uma alta de 0,16%. Al\u00e9m de Roraima, os estados de Mato Grosso do Sul, Goi\u00e1s, Santa Catarina e Rio Grande do Sul foram os que menos sofreram com a crise em 2016. Na compara\u00e7\u00e3o dos estoques de emprego em dezembro de 2015 e 2016, Mato Grosso do Sul teve perda dos postos de trabalho de 0,22%. Goi\u00e1s registrou queda de 1,6%, enquanto Santa Catarina teve redu\u00e7\u00e3o de 1,63% do estoque de vagas na mesma compara\u00e7\u00e3o. O estado do Rio Grande do Sul aparece na quinta posi\u00e7\u00e3o com redu\u00e7\u00e3o do 2,09% do estoque de postos de trabalho em 2016, em rela\u00e7\u00e3o ao ano anterior.<\/p>\n","protected":false},"excerpt":{"rendered":"<p>O ano de 2016 encerrou com queda no ritmo da perda de empregos formais no pa\u00eds. Nos \u00faltimos 12 meses, foram fechadas 1.321.994 vagas, 14% a menos do que no mesmo per\u00edodo de 2015, quando o mercado perdeu 1.534.989 postos<\/p>\n<p><a class=\"more-link\" href=\"https:\/\/cofecon.org.br\/cofecon\/?p=1220\">Leia Mais<\/a><\/p>\n","protected":false},"author":1,"featured_media":0,"comment_status":"open","ping_status":"open","sticky":false,"template":"","format":"standard","meta":{"footnotes":""},"categories":[2],"tags":[],"class_list":["post-1220","post","type-post","status-publish","format-standard","hentry","category-noticias"],"_links":{"self":[{"href":"https:\/\/cofecon.org.br\/cofecon\/index.php?rest_route=\/wp\/v2\/posts\/1220"}],"collection":[{"href":"https:\/\/cofecon.org.br\/cofecon\/index.php?rest_route=\/wp\/v2\/posts"}],"about":[{"href":"https:\/\/cofecon.org.br\/cofecon\/index.php?rest_route=\/wp\/v2\/types\/post"}],"author":[{"embeddable":true,"href":"https:\/\/cofecon.org.br\/cofecon\/index.php?rest_route=\/wp\/v2\/users\/1"}],"replies":[{"embeddable":true,"href":"https:\/\/cofecon.org.br\/cofecon\/index.php?rest_route=%2Fwp%2Fv2%2Fcomments&post=1220"}],"version-history":[{"count":0,"href":"https:\/\/cofecon.org.br\/cofecon\/index.php?rest_route=\/wp\/v2\/posts\/1220\/revisions"}],"wp:attachment":[{"href":"https:\/\/cofecon.org.br\/cofecon\/index.php?rest_route=%2Fwp%2Fv2%2Fmedia&parent=1220"}],"wp:term":[{"taxonomy":"category","embeddable":true,"href":"https:\/\/cofecon.org.br\/cofecon\/index.php?rest_route=%2Fwp%2Fv2%2Fcategories&post=1220"},{"taxonomy":"post_tag","embeddable":true,"href":"https:\/\/cofecon.org.br\/cofecon\/index.php?rest_route=%2Fwp%2Fv2%2Ftags&post=1220"}],"curies":[{"name":"wp","href":"https:\/\/api.w.org\/{rel}","templated":true}]}}