{"id":1218,"date":"2017-01-25T08:24:11","date_gmt":"2017-01-25T10:24:11","guid":{"rendered":"http:\/\/www.cofecon.org.br\/?p=1218"},"modified":"2017-01-25T08:24:11","modified_gmt":"2017-01-25T10:24:11","slug":"fapespa-discute-perspectivas-para-a-economia-brasileira-e-paraense","status":"publish","type":"post","link":"https:\/\/cofecon.org.br\/cofecon\/?p=1218","title":{"rendered":"Fapespa discute perspectivas para a economia brasileira e paraense"},"content":{"rendered":"<p style=\"text-align: justify;\">O presidente do Conselho Federal de Economia, J\u00falio Miragaya, e o conselheiro federal Eduardo Costa participaram do semin\u00e1rio Proje\u00e7\u00f5es e perspectivas para a economia brasileira e paraense em 2017, realizado no dia 25 de janeiro em Bel\u00e9m, no Par\u00e1. O evento \u00e9 uma iniciativa do Grupo Interinstitucional de Estudos e An\u00e1lise Conjuntural (Geac) da Funda\u00e7\u00e3o Amaz\u00f4nia Paraense de Amparo \u00e0 Pesquisa (Fapespa), da qual o conselheiro Eduardo \u00e9 presidente. O evento reuniu representantes de institui\u00e7\u00f5es governamentais e entidades de classe e apresentar\u00e1 dados do atual cen\u00e1rio econ\u00f4mico e as proje\u00e7\u00f5es para 2017, al\u00e9m de um balan\u00e7o dos primeiros seis meses do Par\u00e1 2030 e as metas para 2017, e os programas Par\u00e1 Social e Par\u00e1 Sustent\u00e1vel.<\/p>\n<p style=\"text-align: justify;\">O presidente do Cofecon falou sobre Cen\u00e1rios e Perspectivas para a Economia Brasileira em 2017, e o conselheiro Eduardo Costa abordou Proje\u00e7\u00f5es de indicadores econ\u00f4micos para o estado do Par\u00e1 neste ano. Tamb\u00e9m participaram como palestrantes a gerente executiva da Unidade de Negocia\u00e7\u00f5es Internacionais na Confedera\u00e7\u00e3o Nacional da Ind\u00fastria (CNI), Soraya Saavedra Rosar; o coordenador do programa Par\u00e1 2030, Alex Moreira; a secret\u00e1ria extraordin\u00e1ria de Estado de Integra\u00e7\u00e3o de Pol\u00edticas Sociais, Izabela Jatene; o secret\u00e1rio de Estado de Assist\u00eancia Social, Trabalho, Emprego e Renda, Heitor Pinheiro; e a secret\u00e1ria extraordin\u00e1ria de Gest\u00e3o Estrat\u00e9gica, No\u00eamia Jacob.<\/p>\n<p style=\"text-align: justify;\">O semin\u00e1rio teve certificado digital e foi transmitido ao vivo pela Escola Superior da Magistratura do Estado do Par\u00e1.<\/p>\n<p style=\"text-align: justify;\">\u00a0<img loading=\"lazy\" decoding=\"async\" src=\"http:\/\/www.cofecon.org.br\/images\/miragaya.jpg\" alt=\"miragaya\" width=\"350\" height=\"200\" \/><\/p>\n<p style=\"text-align: justify;\"><strong>O presidente do Cofecon, J\u00falio Miragaya, abordou as perspectivas para a economia brasileira em 2017.<\/strong><\/p>\n<p style=\"text-align: justify;\"><img loading=\"lazy\" decoding=\"async\" src=\"http:\/\/www.cofecon.org.br\/images\/eduardo_fapespa.jpg\" alt=\"eduardo fapespa\" width=\"350\" height=\"200\" \/><\/p>\n<p style=\"text-align: justify;\"><strong>O conselheiro do Cofecon e presidente da Fapespa, Eduardo Costa, falou sobre Proje\u00e7\u00f5es de indicadores econ\u00f4micos para o estado do Par\u00e1 neste ano.<\/strong><\/p>\n","protected":false},"excerpt":{"rendered":"<p>O presidente do Conselho Federal de Economia, J\u00falio Miragaya, e o conselheiro federal Eduardo Costa participaram do semin\u00e1rio Proje\u00e7\u00f5es e perspectivas para a economia brasileira e paraense em 2017, realizado no dia 25 de janeiro em Bel\u00e9m, no Par\u00e1. O<\/p>\n<p><a class=\"more-link\" href=\"https:\/\/cofecon.org.br\/cofecon\/?p=1218\">Leia Mais<\/a><\/p>\n","protected":false},"author":1,"featured_media":0,"comment_status":"open","ping_status":"open","sticky":false,"template":"","format":"standard","meta":{"footnotes":""},"categories":[2],"tags":[],"class_list":["post-1218","post","type-post","status-publish","format-standard","hentry","category-noticias"],"_links":{"self":[{"href":"https:\/\/cofecon.org.br\/cofecon\/index.php?rest_route=\/wp\/v2\/posts\/1218"}],"collection":[{"href":"https:\/\/cofecon.org.br\/cofecon\/index.php?rest_route=\/wp\/v2\/posts"}],"about":[{"href":"https:\/\/cofecon.org.br\/cofecon\/index.php?rest_route=\/wp\/v2\/types\/post"}],"author":[{"embeddable":true,"href":"https:\/\/cofecon.org.br\/cofecon\/index.php?rest_route=\/wp\/v2\/users\/1"}],"replies":[{"embeddable":true,"href":"https:\/\/cofecon.org.br\/cofecon\/index.php?rest_route=%2Fwp%2Fv2%2Fcomments&post=1218"}],"version-history":[{"count":0,"href":"https:\/\/cofecon.org.br\/cofecon\/index.php?rest_route=\/wp\/v2\/posts\/1218\/revisions"}],"wp:attachment":[{"href":"https:\/\/cofecon.org.br\/cofecon\/index.php?rest_route=%2Fwp%2Fv2%2Fmedia&parent=1218"}],"wp:term":[{"taxonomy":"category","embeddable":true,"href":"https:\/\/cofecon.org.br\/cofecon\/index.php?rest_route=%2Fwp%2Fv2%2Fcategories&post=1218"},{"taxonomy":"post_tag","embeddable":true,"href":"https:\/\/cofecon.org.br\/cofecon\/index.php?rest_route=%2Fwp%2Fv2%2Ftags&post=1218"}],"curies":[{"name":"wp","href":"https:\/\/api.w.org\/{rel}","templated":true}]}}