{"id":1216,"date":"2017-01-27T08:19:26","date_gmt":"2017-01-27T10:19:26","guid":{"rendered":"http:\/\/www.cofecon.org.br\/?p=1216"},"modified":"2017-01-27T08:19:26","modified_gmt":"2017-01-27T10:19:26","slug":"a-produtividade-e-a-agenda-brasil","status":"publish","type":"post","link":"https:\/\/cofecon.org.br\/cofecon\/?p=1216","title":{"rendered":"Artigo &#8211; A produtividade e a agenda Brasil"},"content":{"rendered":"<p style=\"text-align: justify;\">A busca por ganhos de produtividade nunca esteve como prioridade na agenda de desenvolvimento do Brasil. Sem a implanta\u00e7\u00e3o de pol\u00edticas que estimulem a difus\u00e3o do conhecimento, o est\u00edmulo ao progresso tecnol\u00f3gico e \u00e0 inova\u00e7\u00e3o, os impactos sociais e econ\u00f4micos que o avan\u00e7o dela proporciona n\u00e3o ser\u00e3o alcan\u00e7ados.<\/p>\n<p style=\"text-align: justify;\">\u00c9 na produtividade que se encontra o principal fator de impulso ao crescimento e \u00e0 melhoria na qualidade de vida dos pa\u00edses; para as empresas, ela determina a competitividade, sem a qual n\u00e3o se consegue criar vantagens competitivas que proporcionem sucesso na concorr\u00eancia em mercados abertos.<\/p>\n<p style=\"text-align: justify;\">Desde os anos 1980, a nossa produtividade do trabalho desabou. Na d\u00e9cada de 1990, ficou praticamente estagnada e, neste s\u00e9culo, seu crescimento foi inferior a 1% ao ano, bem abaixo dos 2% nos EUA, dos 5% na Coreia do Sul e dos 10% na China. Segundo a OCDE, entre 2004 e 2014 o avan\u00e7o da produtividade do trabalho perdeu for\u00e7a e 90% dos seus filiados experimentaram decl\u00ednio nesse indicador.<\/p>\n<p style=\"text-align: justify;\">Esta cat\u00e1strofe atual \u00e9 resultado de m\u00e1s pol\u00edticas em diversos setores. Infraestrutura e educa\u00e7\u00e3o s\u00e3o exemplos, pois, se naquela o colapso nas contas p\u00fablicas estrangula os investimentos governamentais, existe o agravante do marco regulat\u00f3rio que ainda n\u00e3o \u00e9 atraente para o capital privado; nesta, houve uma expans\u00e3o na rede f\u00edsica e no acesso \u00e0 escola, por\u00e9m os resultados das avalia\u00e7\u00f5es evidenciam que a qualidade no ensino continua aqu\u00e9m do necess\u00e1rio.<\/p>\n<p style=\"text-align: justify;\">No \u00e2mbito externo, o Brasil permanece com baixa inser\u00e7\u00e3o na economia mundial, o que, por um lado, limita o acesso \u00e0 tecnologia e, por outro, restringe a concorr\u00eancia interna, esses golpes duros e simult\u00e2neos na busca pela inova\u00e7\u00e3o limitam os avan\u00e7os da produtividade.<\/p>\n<p style=\"text-align: justify;\">Conseguir uma participa\u00e7\u00e3o relevante no cen\u00e1rio internacional e inser\u00e7\u00e3o nas cadeias produtivas globais \u00e9 condi\u00e7\u00e3o indispens\u00e1vel para a retomada do ritmo necess\u00e1rio ao avan\u00e7o da produtividade. Desse modo, deve-se atrair crescentes capitais externos, reduzir as tarifas de importa\u00e7\u00e3o e revisar as distor\u00e7\u00f5es causadas por desonera\u00e7\u00f5es tribut\u00e1rias e excessos nos incentivos ao conte\u00fado nacional.<\/p>\n<p style=\"text-align: justify;\">A import\u00e2ncia e prioridade destinadas a este tema fazem a diferen\u00e7a entre a economia desejada, moderna na configura\u00e7\u00e3o e sustent\u00e1vel no crescimento, e a aus\u00eancia de dinamismo, atraso e sucateamento.<\/p>\n<hr \/>\n<p style=\"text-align: justify;\"><strong>Lauro Chaves Neto<\/strong> \u00e9 presidente do Conselho Regional de Economia, consultor, professor da Uece e doutor em Desenvolvimento Regional. Artigo publicado originalmente no jornal O Povo.<\/p>\n","protected":false},"excerpt":{"rendered":"<p>A busca por ganhos de produtividade nunca esteve como prioridade na agenda de desenvolvimento do Brasil. Sem a implanta\u00e7\u00e3o de pol\u00edticas que estimulem a difus\u00e3o do conhecimento, o est\u00edmulo ao progresso tecnol\u00f3gico e \u00e0 inova\u00e7\u00e3o, os impactos sociais e econ\u00f4micos<\/p>\n<p><a class=\"more-link\" href=\"https:\/\/cofecon.org.br\/cofecon\/?p=1216\">Leia Mais<\/a><\/p>\n","protected":false},"author":1,"featured_media":0,"comment_status":"open","ping_status":"open","sticky":false,"template":"","format":"standard","meta":{"footnotes":""},"categories":[6],"tags":[],"class_list":["post-1216","post","type-post","status-publish","format-standard","hentry","category-artigo"],"_links":{"self":[{"href":"https:\/\/cofecon.org.br\/cofecon\/index.php?rest_route=\/wp\/v2\/posts\/1216"}],"collection":[{"href":"https:\/\/cofecon.org.br\/cofecon\/index.php?rest_route=\/wp\/v2\/posts"}],"about":[{"href":"https:\/\/cofecon.org.br\/cofecon\/index.php?rest_route=\/wp\/v2\/types\/post"}],"author":[{"embeddable":true,"href":"https:\/\/cofecon.org.br\/cofecon\/index.php?rest_route=\/wp\/v2\/users\/1"}],"replies":[{"embeddable":true,"href":"https:\/\/cofecon.org.br\/cofecon\/index.php?rest_route=%2Fwp%2Fv2%2Fcomments&post=1216"}],"version-history":[{"count":0,"href":"https:\/\/cofecon.org.br\/cofecon\/index.php?rest_route=\/wp\/v2\/posts\/1216\/revisions"}],"wp:attachment":[{"href":"https:\/\/cofecon.org.br\/cofecon\/index.php?rest_route=%2Fwp%2Fv2%2Fmedia&parent=1216"}],"wp:term":[{"taxonomy":"category","embeddable":true,"href":"https:\/\/cofecon.org.br\/cofecon\/index.php?rest_route=%2Fwp%2Fv2%2Fcategories&post=1216"},{"taxonomy":"post_tag","embeddable":true,"href":"https:\/\/cofecon.org.br\/cofecon\/index.php?rest_route=%2Fwp%2Fv2%2Ftags&post=1216"}],"curies":[{"name":"wp","href":"https:\/\/api.w.org\/{rel}","templated":true}]}}