{"id":1214,"date":"2017-01-31T08:15:33","date_gmt":"2017-01-31T10:15:33","guid":{"rendered":"http:\/\/www.cofecon.org.br\/?p=1214"},"modified":"2017-01-31T08:15:33","modified_gmt":"2017-01-31T10:15:33","slug":"cofecon-participou-de-reuniao-na-oab-para-discutir-reforma-da-previdencia","status":"publish","type":"post","link":"https:\/\/cofecon.org.br\/cofecon\/?p=1214","title":{"rendered":"Cofecon participou de reuni\u00e3o na OAB para discutir Reforma da Previd\u00eancia"},"content":{"rendered":"<p style=\"text-align: justify;\"><img loading=\"lazy\" decoding=\"async\" class=\"alignleft\" src=\"http:\/\/www.cofecon.org.br\/images\/DSC06762.jpg\" alt=\"DSC06762\" width=\"325\" height=\"186\" \/>O Conselho Federal de Economia se uniu a mais de 20 entidades e participou de debate promovido pela Comiss\u00e3o de Direito Previdenci\u00e1rio do Conselho Federal da Ordem dos Advogados do Brasil (OAB) para consolida\u00e7\u00e3o de propostas e sugest\u00f5es \u00e0 Reforma da Previd\u00eancia Social. O presidente do Cofecon, J\u00falio Miragaya, representou a institui\u00e7\u00e3o no encontro, que ocorreu no dia 31 de janeiro na sede da OAB nacional, em Bras\u00edlia, e que tamb\u00e9m contou com a presen\u00e7a do deputado federal Arnaldo Faria de S\u00e1 (PTB) e de presidentes de comiss\u00f5es previdenci\u00e1rias de seccionais.<\/p>\n<p style=\"text-align: justify;\">A proposta de Ordem \u00e9 reunir entidades e discutir profundamente o tema sob diversos pontos de vista para formular uma proposta de reforma da previd\u00eancia que contemple as demandas de diferentes setores como alternativa \u00e0 Proposta de Emenda \u00e0 Constitui\u00e7\u00e3o 287, de autoria do governo, que institui a Reforma. Al\u00e9m de diferentes entidades, a OAB tamb\u00e9m convidou a Frente Parlamentar Mista em Defesa da Previd\u00eancia Social para participar dos debates.<\/p>\n<p style=\"text-align: justify;\">Na abertura do evento, o presidente nacional da OAB, Carlos Lamachia, disse que, para a Ordem, \u00e9 uma honra cumprir miss\u00e3o de representar a sociedade civil e que ao longo do ano pretende promover mais debates sobre temas importantes para o Pa\u00eds. \u201cA ideia \u00e9 realizarmos um evento propositivo, buscando colaborar para que a Reforma n\u00e3o seja a do retrocesso, mas que respeite a sociedade e a cidadania\u201d, afirmou Lamachia.<\/p>\n<p style=\"text-align: justify;\">Em seguida, o professor do Instituto de Economia da Universidade Estadual de Campinas (Unicamp) Eduardo Fagnani apresentou um estudo in\u00e9dito elaborado pela Associa\u00e7\u00e3o Nacional dos Auditores Fiscais e da Receita Federal (ANFIP) em parceria com o Departamento Intersindical de Estat\u00edstica e Estudos Socioecon\u00f4micos (Dieese) com o objetivo de subsidiar o debate, a a\u00e7\u00e3o parlamentar e a sociedade civil sobre o assunto, para que possa ser compreendido em um contexto mais amplo. \u201cO que est\u00e1 em jogo \u00e9 a mudan\u00e7a, com premissas question\u00e1veis, do pacto social feito em 1988\u201d, afirmou.<\/p>\n<p style=\"text-align: justify;\">J\u00falio Miragaya criticou a Reforma proposta e falta de di\u00e1logo entre governo e a sociedade. \u201cO Cofecon entende que n\u00e3o podemos aceitar essa situa\u00e7\u00e3o da forma como est\u00e1 colocada. N\u00e3o se muda um sistema de quase um s\u00e9culo, e que afeta dezenas de milh\u00f5es de brasileiros, sem sequer admitir um processo de debate com sociedade, em a\u00e7\u00f5es como a realiza\u00e7\u00e3o de audi\u00eancias p\u00fablicas. Esse deveria ser o papel do congresso nacional, o que ele n\u00e3o faz por um motivo muito \u00f3bvio: sabe que perde essa discuss\u00e3o\u201d, argumentou o presidente do Cofecon. Como encaminhamento da reuni\u00e3o, Miragaya defendeu que as entidades apresentem um texto substitutivo completo.<\/p>\n","protected":false},"excerpt":{"rendered":"<p>O Conselho Federal de Economia se uniu a mais de 20 entidades e participou de debate promovido pela Comiss\u00e3o de Direito Previdenci\u00e1rio do Conselho Federal da Ordem dos Advogados do Brasil (OAB) para consolida\u00e7\u00e3o de propostas e sugest\u00f5es \u00e0 Reforma<\/p>\n<p><a class=\"more-link\" href=\"https:\/\/cofecon.org.br\/cofecon\/?p=1214\">Leia Mais<\/a><\/p>\n","protected":false},"author":1,"featured_media":0,"comment_status":"open","ping_status":"open","sticky":false,"template":"","format":"standard","meta":{"footnotes":""},"categories":[2],"tags":[],"class_list":["post-1214","post","type-post","status-publish","format-standard","hentry","category-noticias"],"_links":{"self":[{"href":"https:\/\/cofecon.org.br\/cofecon\/index.php?rest_route=\/wp\/v2\/posts\/1214"}],"collection":[{"href":"https:\/\/cofecon.org.br\/cofecon\/index.php?rest_route=\/wp\/v2\/posts"}],"about":[{"href":"https:\/\/cofecon.org.br\/cofecon\/index.php?rest_route=\/wp\/v2\/types\/post"}],"author":[{"embeddable":true,"href":"https:\/\/cofecon.org.br\/cofecon\/index.php?rest_route=\/wp\/v2\/users\/1"}],"replies":[{"embeddable":true,"href":"https:\/\/cofecon.org.br\/cofecon\/index.php?rest_route=%2Fwp%2Fv2%2Fcomments&post=1214"}],"version-history":[{"count":0,"href":"https:\/\/cofecon.org.br\/cofecon\/index.php?rest_route=\/wp\/v2\/posts\/1214\/revisions"}],"wp:attachment":[{"href":"https:\/\/cofecon.org.br\/cofecon\/index.php?rest_route=%2Fwp%2Fv2%2Fmedia&parent=1214"}],"wp:term":[{"taxonomy":"category","embeddable":true,"href":"https:\/\/cofecon.org.br\/cofecon\/index.php?rest_route=%2Fwp%2Fv2%2Fcategories&post=1214"},{"taxonomy":"post_tag","embeddable":true,"href":"https:\/\/cofecon.org.br\/cofecon\/index.php?rest_route=%2Fwp%2Fv2%2Ftags&post=1214"}],"curies":[{"name":"wp","href":"https:\/\/api.w.org\/{rel}","templated":true}]}}