{"id":1212,"date":"2017-02-01T08:10:40","date_gmt":"2017-02-01T10:10:40","guid":{"rendered":"http:\/\/www.cofecon.org.br\/?p=1212"},"modified":"2017-02-01T08:10:40","modified_gmt":"2017-02-01T10:10:40","slug":"pernas-curtas","status":"publish","type":"post","link":"https:\/\/cofecon.org.br\/cofecon\/?p=1212","title":{"rendered":"Artigo &#8211; Pernas curtas"},"content":{"rendered":"<p style=\"text-align: justify;\">H\u00e1 um ditado popular que diz que \u201cMentira tem pernas curtas\u201d, ou seja, n\u00e3o vai muito longe, nao se sustenta no tempo. \u00c9 precisamente o caso que envolve o debate sobre as raz\u00f5es do d\u00e9ficit p\u00fablico no Brasil. H\u00e1 um ano, quando o Ministro da Fazenda divulgou o d\u00e9ficit prim\u00e1rio do governo central em 2015, de R$ 114,5 bilh\u00f5es, uma ampla campanha midi\u00e1tica tomou conta do Pa\u00eds dizendo que era o resultado da gastan\u00e7a do governo Dilma, argumento central para o impeachment.<\/p>\n<p style=\"text-align: justify;\">Nesta semana o ministro da Fazenda de Temer divulgou o d\u00e9ficit prim\u00e1rio do governo central em 2016: rombo recorde de R$ 154,3 bilh\u00f5es, R$ 40 bilh\u00f5es a mais que em 2015, crescimento de 26,7%. N\u00e3o fosse a receita extraordin\u00e1ria de R$ 28 bilh\u00f5es oriunda do programa de repatria\u00e7\u00e3o, o resultado seria ainda pior: d\u00e9ficit de R$ 182 bilh\u00f5es, 60% acima de 2015.<\/p>\n<p style=\"text-align: justify;\">\u00c9 curioso observar a docilidade com que a grande m\u00eddia tratou o d\u00e9ficit de Temer comparado ao massacre feito a Dilma. O fato \u00e9 que n\u00e3o h\u00e1 como atender as crescentes demandas sociais sem mexer em nosso arcaico modelo tribut\u00e1rio. N\u00e3o \u00e9 problema e nem sequer \u00e9 verdade que nossa carga tribut\u00e1ria seja elevada ou tenha crescido de forma exagerada nos governos do PT. De 1988 a 2002, a carga tribut\u00e1ria elevou-se de 26% para 33%, mas de 2003 a 2015, manteve-se neste percentual, tendo oscilado levemente para mais entre 2008 e 2010.<\/p>\n<p style=\"text-align: justify;\">O problema real reside em que 72% da arrecada\u00e7\u00e3o de tributos no Brasil se d\u00e1 sobre o consumo e a renda do trabalho, ficando a tributa\u00e7\u00e3o sobre a renda do capital e a riqueza com apenas 28%, na contram\u00e3o do mundo. Na m\u00e9dia dos pa\u00edses da OCDE a tributa\u00e7\u00e3o sobre a renda do capital representa 67% do total dos tributos arrecadados, restando apenas 33% sobre consumo e renda do trabalho.<\/p>\n<p style=\"text-align: justify;\">Mas para combater o d\u00e9ficit p\u00fablico, Temer e seus asseclas n\u00e3o pretendem mexer no modelo tribut\u00e1rio que privilegia os mais ricos, e sim cortar gastos sociais e retirar direitos.<\/p>\n","protected":false},"excerpt":{"rendered":"<p>H\u00e1 um ditado popular que diz que \u201cMentira tem pernas curtas\u201d, ou seja, n\u00e3o vai muito longe, nao se sustenta no tempo. \u00c9 precisamente o caso que envolve o debate sobre as raz\u00f5es do d\u00e9ficit p\u00fablico no Brasil. H\u00e1 um<\/p>\n<p><a class=\"more-link\" href=\"https:\/\/cofecon.org.br\/cofecon\/?p=1212\">Leia Mais<\/a><\/p>\n","protected":false},"author":1,"featured_media":0,"comment_status":"open","ping_status":"open","sticky":false,"template":"","format":"standard","meta":{"footnotes":""},"categories":[6],"tags":[],"class_list":["post-1212","post","type-post","status-publish","format-standard","hentry","category-artigo"],"_links":{"self":[{"href":"https:\/\/cofecon.org.br\/cofecon\/index.php?rest_route=\/wp\/v2\/posts\/1212"}],"collection":[{"href":"https:\/\/cofecon.org.br\/cofecon\/index.php?rest_route=\/wp\/v2\/posts"}],"about":[{"href":"https:\/\/cofecon.org.br\/cofecon\/index.php?rest_route=\/wp\/v2\/types\/post"}],"author":[{"embeddable":true,"href":"https:\/\/cofecon.org.br\/cofecon\/index.php?rest_route=\/wp\/v2\/users\/1"}],"replies":[{"embeddable":true,"href":"https:\/\/cofecon.org.br\/cofecon\/index.php?rest_route=%2Fwp%2Fv2%2Fcomments&post=1212"}],"version-history":[{"count":0,"href":"https:\/\/cofecon.org.br\/cofecon\/index.php?rest_route=\/wp\/v2\/posts\/1212\/revisions"}],"wp:attachment":[{"href":"https:\/\/cofecon.org.br\/cofecon\/index.php?rest_route=%2Fwp%2Fv2%2Fmedia&parent=1212"}],"wp:term":[{"taxonomy":"category","embeddable":true,"href":"https:\/\/cofecon.org.br\/cofecon\/index.php?rest_route=%2Fwp%2Fv2%2Fcategories&post=1212"},{"taxonomy":"post_tag","embeddable":true,"href":"https:\/\/cofecon.org.br\/cofecon\/index.php?rest_route=%2Fwp%2Fv2%2Ftags&post=1212"}],"curies":[{"name":"wp","href":"https:\/\/api.w.org\/{rel}","templated":true}]}}