{"id":11911,"date":"2020-07-20T16:29:05","date_gmt":"2020-07-20T19:29:05","guid":{"rendered":"https:\/\/www.cofecon.org.br\/?p=11911"},"modified":"2020-07-20T16:29:05","modified_gmt":"2020-07-20T19:29:05","slug":"em-live-economistas-discutirao-a-retomada-do-setor-produtivo-do-nordeste","status":"publish","type":"post","link":"https:\/\/cofecon.org.br\/cofecon\/?p=11911","title":{"rendered":"Em live, economistas discutir\u00e3o a retomada do setor produtivo do Nordeste"},"content":{"rendered":"\n<p><img loading=\"lazy\" decoding=\"async\" class=\"size-medium wp-image-11912 alignleft\" src=\"https:\/\/www.cofecon.org.br\/wp-content\/uploads\/2020\/07\/retomada-setor-produtivo-300x300.jpg\" alt=\"\" width=\"300\" height=\"300\" srcset=\"https:\/\/cofecon.org.br\/cofecon\/wp-content\/uploads\/2020\/07\/retomada-setor-produtivo-300x300.jpg 300w, https:\/\/cofecon.org.br\/cofecon\/wp-content\/uploads\/2020\/07\/retomada-setor-produtivo-1024x1024.jpg 1024w, https:\/\/cofecon.org.br\/cofecon\/wp-content\/uploads\/2020\/07\/retomada-setor-produtivo-150x150.jpg 150w, https:\/\/cofecon.org.br\/cofecon\/wp-content\/uploads\/2020\/07\/retomada-setor-produtivo-768x768.jpg 768w, https:\/\/cofecon.org.br\/cofecon\/wp-content\/uploads\/2020\/07\/retomada-setor-produtivo-800x800.jpg 800w, https:\/\/cofecon.org.br\/cofecon\/wp-content\/uploads\/2020\/07\/retomada-setor-produtivo-250x250.jpg 250w, https:\/\/cofecon.org.br\/cofecon\/wp-content\/uploads\/2020\/07\/retomada-setor-produtivo.jpg 1280w\" sizes=\"(max-width: 300px) 100vw, 300px\" \/>O Cofecon realizar\u00e1 live nesta quarta-feira, 22 de julho, sobre &#8220;Retomada do setor produtivo do Nordeste&#8221;. O debate ter\u00e1 in\u00edcio \u00e0s 17h e ser\u00e1 transmitido no <a href=\"https:\/\/www.youtube.com\/c\/cofecon\"><strong>canal do Cofecon no Youtube &#8211; www.youtube.com\/c\/Cofecon.<\/strong><\/a><\/p>\n<p>Participam a presidente do Conselho Regional de Economia de Pernambuco (Corecon-PE), Ana Cl\u00e1udia Arruda; o presidente do Conselho Regional de Economia do Cear\u00e1 (Corecon-CE), Ricardo Coimbra; e o vice-presidente do Conselho Regional de Economia da Bahia (Corecon-BA), Gustavo Casseb Pessoti.<\/p>\n<p>A media\u00e7\u00e3o ser\u00e1 feita pelo conselheiro federal e coordenador da Comiss\u00e3o de Desensolvimento Regional, Lauro Chaves Neto.<\/p>\n<p>\u00a0<\/p>\n<p>\u00a0<\/p>\n","protected":false},"excerpt":{"rendered":"","protected":false},"author":1,"featured_media":11913,"comment_status":"closed","ping_status":"closed","sticky":false,"template":"","format":"standard","meta":{"footnotes":""},"categories":[2],"tags":[],"class_list":["post-11911","post","type-post","status-publish","format-standard","has-post-thumbnail","hentry","category-noticias"],"_links":{"self":[{"href":"https:\/\/cofecon.org.br\/cofecon\/index.php?rest_route=\/wp\/v2\/posts\/11911"}],"collection":[{"href":"https:\/\/cofecon.org.br\/cofecon\/index.php?rest_route=\/wp\/v2\/posts"}],"about":[{"href":"https:\/\/cofecon.org.br\/cofecon\/index.php?rest_route=\/wp\/v2\/types\/post"}],"author":[{"embeddable":true,"href":"https:\/\/cofecon.org.br\/cofecon\/index.php?rest_route=\/wp\/v2\/users\/1"}],"replies":[{"embeddable":true,"href":"https:\/\/cofecon.org.br\/cofecon\/index.php?rest_route=%2Fwp%2Fv2%2Fcomments&post=11911"}],"version-history":[{"count":0,"href":"https:\/\/cofecon.org.br\/cofecon\/index.php?rest_route=\/wp\/v2\/posts\/11911\/revisions"}],"wp:featuredmedia":[{"embeddable":true,"href":"https:\/\/cofecon.org.br\/cofecon\/index.php?rest_route=\/wp\/v2\/media\/11913"}],"wp:attachment":[{"href":"https:\/\/cofecon.org.br\/cofecon\/index.php?rest_route=%2Fwp%2Fv2%2Fmedia&parent=11911"}],"wp:term":[{"taxonomy":"category","embeddable":true,"href":"https:\/\/cofecon.org.br\/cofecon\/index.php?rest_route=%2Fwp%2Fv2%2Fcategories&post=11911"},{"taxonomy":"post_tag","embeddable":true,"href":"https:\/\/cofecon.org.br\/cofecon\/index.php?rest_route=%2Fwp%2Fv2%2Ftags&post=11911"}],"curies":[{"name":"wp","href":"https:\/\/api.w.org\/{rel}","templated":true}]}}