{"id":11804,"date":"2020-07-13T11:24:47","date_gmt":"2020-07-13T14:24:47","guid":{"rendered":"https:\/\/www.cofecon.org.br\/?p=11804"},"modified":"2020-07-13T11:24:47","modified_gmt":"2020-07-13T14:24:47","slug":"conselheiro-fernando-de-aquino-comenta-ipca-de-junho","status":"publish","type":"post","link":"https:\/\/cofecon.org.br\/cofecon\/?p=11804","title":{"rendered":"Conselheiro Fernando de Aquino comenta IPCA de junho"},"content":{"rendered":"\n<p>O conselheiro federal e coordenador da Comiss\u00e3o de Pol\u00edtica Econ\u00f4mica do Cofecon, Fernando de Aquino, participou de reportagem veiculada pelo SBT sobre o \u00cdndice Nacional de Pre\u00e7os ao Consumidor Amplo (IPCA) referente ao m\u00eas de junho, divulgado pelo IBGE. <span style=\"font-size: inherit;\">Ap\u00f3s dois meses seguidos de defla\u00e7\u00e3o, os pre\u00e7os no pa\u00eds voltaram a subir e registraram alta de 0,26% em junho.<\/span><\/p>\n<p>&#8220;\u00c9 melhor uma infla\u00e7\u00e3o baixa e controlada porque n\u00e3o corr\u00f3i o poder de compra das pessoas e permite que os desequil\u00edbrios dos mercados v\u00e1 se absorvendo&#8221;, opinou Aquino.<\/p>\n<p>Confira, abaixo, a reportagem completa:<\/p>\n<p><iframe loading=\"lazy\" title=\"IPCA registra aumento de 0,26% no m\u00eas de junho | SBT Brasil (10\/07\/20)\" width=\"500\" height=\"281\" src=\"https:\/\/www.youtube.com\/embed\/Djn3-QR-9LI?feature=oembed\" frameborder=\"0\" allow=\"accelerometer; autoplay; clipboard-write; encrypted-media; gyroscope; picture-in-picture; web-share\" referrerpolicy=\"strict-origin-when-cross-origin\" allowfullscreen><\/iframe><\/p>\n","protected":false},"excerpt":{"rendered":"","protected":false},"author":1,"featured_media":11805,"comment_status":"closed","ping_status":"closed","sticky":false,"template":"","format":"standard","meta":{"footnotes":""},"categories":[7,2],"tags":[],"class_list":["post-11804","post","type-post","status-publish","format-standard","has-post-thumbnail","hentry","category-cofecon-na-midia","category-noticias"],"_links":{"self":[{"href":"https:\/\/cofecon.org.br\/cofecon\/index.php?rest_route=\/wp\/v2\/posts\/11804"}],"collection":[{"href":"https:\/\/cofecon.org.br\/cofecon\/index.php?rest_route=\/wp\/v2\/posts"}],"about":[{"href":"https:\/\/cofecon.org.br\/cofecon\/index.php?rest_route=\/wp\/v2\/types\/post"}],"author":[{"embeddable":true,"href":"https:\/\/cofecon.org.br\/cofecon\/index.php?rest_route=\/wp\/v2\/users\/1"}],"replies":[{"embeddable":true,"href":"https:\/\/cofecon.org.br\/cofecon\/index.php?rest_route=%2Fwp%2Fv2%2Fcomments&post=11804"}],"version-history":[{"count":0,"href":"https:\/\/cofecon.org.br\/cofecon\/index.php?rest_route=\/wp\/v2\/posts\/11804\/revisions"}],"wp:featuredmedia":[{"embeddable":true,"href":"https:\/\/cofecon.org.br\/cofecon\/index.php?rest_route=\/wp\/v2\/media\/11805"}],"wp:attachment":[{"href":"https:\/\/cofecon.org.br\/cofecon\/index.php?rest_route=%2Fwp%2Fv2%2Fmedia&parent=11804"}],"wp:term":[{"taxonomy":"category","embeddable":true,"href":"https:\/\/cofecon.org.br\/cofecon\/index.php?rest_route=%2Fwp%2Fv2%2Fcategories&post=11804"},{"taxonomy":"post_tag","embeddable":true,"href":"https:\/\/cofecon.org.br\/cofecon\/index.php?rest_route=%2Fwp%2Fv2%2Ftags&post=11804"}],"curies":[{"name":"wp","href":"https:\/\/api.w.org\/{rel}","templated":true}]}}