{"id":11731,"date":"2020-07-06T14:42:50","date_gmt":"2020-07-06T17:42:50","guid":{"rendered":"https:\/\/www.cofecon.org.br\/?p=11731"},"modified":"2020-07-06T14:42:50","modified_gmt":"2020-07-06T17:42:50","slug":"nesta-quarta-feira-economistas-discutem-reforma-fiscal-tributaria-em-live-no-youtube","status":"publish","type":"post","link":"https:\/\/cofecon.org.br\/cofecon\/?p=11731","title":{"rendered":"Nesta quarta-feira, economistas discutem Reforma fiscal tribut\u00e1ria em live no Youtube"},"content":{"rendered":"\n<p><img loading=\"lazy\" decoding=\"async\" class=\"size-medium wp-image-11735 alignleft\" src=\"https:\/\/www.cofecon.org.br\/wp-content\/uploads\/2020\/07\/paulo-dantas-1-300x300.jpg\" alt=\"\" width=\"300\" height=\"300\" srcset=\"https:\/\/cofecon.org.br\/cofecon\/wp-content\/uploads\/2020\/07\/paulo-dantas-1-300x300.jpg 300w, https:\/\/cofecon.org.br\/cofecon\/wp-content\/uploads\/2020\/07\/paulo-dantas-1-1024x1024.jpg 1024w, https:\/\/cofecon.org.br\/cofecon\/wp-content\/uploads\/2020\/07\/paulo-dantas-1-150x150.jpg 150w, https:\/\/cofecon.org.br\/cofecon\/wp-content\/uploads\/2020\/07\/paulo-dantas-1-768x768.jpg 768w, https:\/\/cofecon.org.br\/cofecon\/wp-content\/uploads\/2020\/07\/paulo-dantas-1-800x800.jpg 800w, https:\/\/cofecon.org.br\/cofecon\/wp-content\/uploads\/2020\/07\/paulo-dantas-1-250x250.jpg 250w, https:\/\/cofecon.org.br\/cofecon\/wp-content\/uploads\/2020\/07\/paulo-dantas-1.jpg 1280w\" sizes=\"(max-width: 300px) 100vw, 300px\" \/>Os economistas Paulo Dantas da Costa, Paulo Brasil Corr\u00eaa de Mello e Reinaldo Dantas Sampaio participam de live nesta quarta-feira, 8 de julho, para discutirem o tema &#8220;Reforma fiscal tribut\u00e1ria&#8221;. A transmiss\u00e3o ocorrer\u00e1 a partir das 17h no <a href=\"https:\/\/www.youtube.com\/c\/cofecon\"><strong>canal do Cofecon no Youtube &#8211; www.youtube.com\/c\/cofecon<\/strong><\/a><\/p>\n<p>Paulo Brasil Corr\u00eaa de Mello \u00e9 economista, contabilista e advogado. Sua principal \u00e1rea de atua\u00e7\u00e3o \u00e9 Planejamento, Or\u00e7amento e Finan\u00e7as P\u00fablicas. Foi conselheiro do Cofecon nos tri\u00eanios 2010\/2012 e 2017\/2019, e conselheiro do Corecon-SP nos per\u00edodos de 2000\/2002, 2003\/2005 e 2008\/2010. \u00c9 professor de cursos de p\u00f3s-gradua\u00e7\u00e3o e MBA; consultor \u201cPr\u00f3 Bono\u201d do site Contas Abertas; contribui constantemente como entrevistado pelas R\u00e1dios CBN, Eldorado, Band News e outras formas de m\u00eddia; e participa de paines e debates sobre temas relacionados ao Or\u00e7amento P\u00fablico, Finan\u00e7as P\u00fablicas, Auditoria Governamental e Publica, Lei de Responsabilidade Fiscal e diversas mat\u00e9rias Tributarias e Macroecon\u00f4micas tanto no Ambiente Acad\u00eamico, Profissional ou atrav\u00e9s da m\u00eddia (TV, r\u00e1dio, jornais e revistas especializadas).<\/p>\n<p>Reinaldo Dantas Sampaio \u00e9 economista graduado pela Faculdade Cat\u00f3lica de Ci\u00eancias Econ\u00f4micas da Bahia, com especializa\u00e7\u00e3o em Economia Mineral pela UFMG\/ IBRAM. \u00c9 presidente da Associa\u00e7\u00e3o Brasileira da Ind\u00fastria de Rochas Ornamentais (Abirochas). Desde 1989 \u00e9 s\u00f3cio da Peval Investimentos S.A., controladora\/investidora de empresas do setor minero-industrial. Na Odebrecht, foi diretor administrativo e financeiro de empresas respons\u00e1veis pelos investimentos no segmento minero-industrial.\u00a0<\/p>\n<p>Graduado em Ci\u00eancias Econ\u00f4micas (1976) pela Faculdade Cat\u00f3lica de Ci\u00eancias Econ\u00f4micas da Bahia, Paulo Dantas da Costa \u00e9 especialista em Direito Tribut\u00e1rio e Administra\u00e7\u00e3o Financeira Governamental. Trabalhou no Banespa at\u00e9 1978. Foi Auditor Fiscal da Secretaria da Fazenda do Estado da Bahia at\u00e9 junho de 1994, tendo ocupado diversos cargos de dire\u00e7\u00e3o, inclusive o de Coordenador de Programa\u00e7\u00e3o Financeira. Foi presidente do Conselho Federal de Economia em 2014 e 2015, vice-presidente do Conselho Regional de Economia da Bahia (CORECON-BA) em 2002 e 2003 e presidente do Regional em 2008 e 2009. Atualmente, atua como consultor em diversas empresas p\u00fablicas e privadas.\u00a0<\/p>\n","protected":false},"excerpt":{"rendered":"","protected":false},"author":1,"featured_media":11733,"comment_status":"closed","ping_status":"closed","sticky":false,"template":"","format":"standard","meta":{"footnotes":""},"categories":[2],"tags":[],"class_list":["post-11731","post","type-post","status-publish","format-standard","has-post-thumbnail","hentry","category-noticias"],"_links":{"self":[{"href":"https:\/\/cofecon.org.br\/cofecon\/index.php?rest_route=\/wp\/v2\/posts\/11731"}],"collection":[{"href":"https:\/\/cofecon.org.br\/cofecon\/index.php?rest_route=\/wp\/v2\/posts"}],"about":[{"href":"https:\/\/cofecon.org.br\/cofecon\/index.php?rest_route=\/wp\/v2\/types\/post"}],"author":[{"embeddable":true,"href":"https:\/\/cofecon.org.br\/cofecon\/index.php?rest_route=\/wp\/v2\/users\/1"}],"replies":[{"embeddable":true,"href":"https:\/\/cofecon.org.br\/cofecon\/index.php?rest_route=%2Fwp%2Fv2%2Fcomments&post=11731"}],"version-history":[{"count":0,"href":"https:\/\/cofecon.org.br\/cofecon\/index.php?rest_route=\/wp\/v2\/posts\/11731\/revisions"}],"wp:featuredmedia":[{"embeddable":true,"href":"https:\/\/cofecon.org.br\/cofecon\/index.php?rest_route=\/wp\/v2\/media\/11733"}],"wp:attachment":[{"href":"https:\/\/cofecon.org.br\/cofecon\/index.php?rest_route=%2Fwp%2Fv2%2Fmedia&parent=11731"}],"wp:term":[{"taxonomy":"category","embeddable":true,"href":"https:\/\/cofecon.org.br\/cofecon\/index.php?rest_route=%2Fwp%2Fv2%2Fcategories&post=11731"},{"taxonomy":"post_tag","embeddable":true,"href":"https:\/\/cofecon.org.br\/cofecon\/index.php?rest_route=%2Fwp%2Fv2%2Ftags&post=11731"}],"curies":[{"name":"wp","href":"https:\/\/api.w.org\/{rel}","templated":true}]}}