{"id":11514,"date":"2020-06-18T10:03:16","date_gmt":"2020-06-18T13:03:16","guid":{"rendered":"https:\/\/www.cofecon.org.br\/?p=11514"},"modified":"2020-06-18T10:03:16","modified_gmt":"2020-06-18T13:03:16","slug":"corecon-rs-realiza-live-sobre-pericia-bancaria","status":"publish","type":"post","link":"https:\/\/cofecon.org.br\/cofecon\/?p=11514","title":{"rendered":"Corecon-RS realiza live sobre Per\u00edcia Banc\u00e1ria"},"content":{"rendered":"\n<p><img loading=\"lazy\" decoding=\"async\" class=\"wp-image-11515 size-medium alignleft\" src=\"https:\/\/www.cofecon.org.br\/wp-content\/uploads\/2020\/06\/pericia-rs-300x300.png\" alt=\"\" width=\"300\" height=\"300\" srcset=\"https:\/\/cofecon.org.br\/cofecon\/wp-content\/uploads\/2020\/06\/pericia-rs-300x300.png 300w, https:\/\/cofecon.org.br\/cofecon\/wp-content\/uploads\/2020\/06\/pericia-rs-150x150.png 150w, https:\/\/cofecon.org.br\/cofecon\/wp-content\/uploads\/2020\/06\/pericia-rs-250x250.png 250w, https:\/\/cofecon.org.br\/cofecon\/wp-content\/uploads\/2020\/06\/pericia-rs.png 550w\" sizes=\"(max-width: 300px) 100vw, 300px\" \/>O Conselho Regional de Economia do Rio Grande do Sul (Corecon-RS) realizar\u00e1 live nesta quinta-feira, 18 de junho, sobre o tema &#8220;Per\u00edcia banc\u00e1ria no p\u00f3s Covid-19&#8221;. A transmiss\u00e3o ocorrer\u00e1 a partir das 19h na <strong><a href=\"https:\/\/www.facebook.com\/coreconrs\/\">p\u00e1gina do Regional no Facebook &#8211; https:\/\/www.facebook.com\/coreconrs\/<\/a><\/strong><\/p>\n<p>Participam do debate as economistas Ana Prietto, perita judicial e extra-judicial na \u00e1rea C\u00edvel e especialista em Direito Banc\u00e1rio, e Vanya Marcon, contadora e especialista em Administra\u00e7\u00e3o de Empresas; al\u00e9m da advogada Franzisca Regina Frey, da Lazzarotto &amp; Frey Advocacia.<\/p>\n<p>A live faz parte do projeto \u201cFor\u00e7a-tarefa: economistas falam \u00e0 sociedade ga\u00facha\u201d, promovido pelo Corecon-RS.<\/p>\n<p>Curr\u00edculos<br \/>Anna Prietto &#8211; Economista, graduada pela Universidade Cat\u00f3lica de Pelotas (UCPel), Perita Judicial e Extra-Judicial na \u00e1rea C\u00edvel, especialista em Direito Banc\u00e1rio.<\/p>\n<p>Franzisca Regina Frey &#8211; Advogada, atuante no campo consultivo, preventivo, contratual e contencioso, com 14 anos de experi\u00eancia em an\u00e1lise e revis\u00f5es de contratos banc\u00e1rios. Atua no Escrit\u00f3rio Lazzarotto &amp; Frey, com sede em Pelotas.<\/p>\n<p>V\u00e2nia Marcon &#8211; Economista, Contadora, Especialista em Administra\u00e7\u00e3o de Empresas.Perita Judicial e extrajudicial, atua como perita judicial das \u00e1reas cont\u00e1bil e financeira, com MBA em Per\u00edcia Criminal e Ci\u00eancias Forenses, pelo IPOG, de Curitiba. P\u00f3s Graduada em Administra\u00e7\u00e3o de Empresas com \u00canfase em Neg\u00f3cios Imobili\u00e1rios, pela FAE\/CDE, professora do curso de Especializa\u00e7\u00e3o em Per\u00edcia Econ\u00f4mico Financeira, pelo Corecon\/PR, professora da P\u00f3s Gradua\u00e7\u00e3o e Cursos na \u00e1rea de per\u00edcia econ\u00f4mico-financeira na Universidade Positivo. Foi presidente da Associa\u00e7\u00e3o dos Peritos do Paran\u00e1 (Apepar).<\/p>\n","protected":false},"excerpt":{"rendered":"","protected":false},"author":1,"featured_media":11516,"comment_status":"closed","ping_status":"closed","sticky":false,"template":"","format":"standard","meta":{"footnotes":""},"categories":[4,2],"tags":[],"class_list":["post-11514","post","type-post","status-publish","format-standard","has-post-thumbnail","hentry","category-corecons-em-movimento","category-noticias"],"_links":{"self":[{"href":"https:\/\/cofecon.org.br\/cofecon\/index.php?rest_route=\/wp\/v2\/posts\/11514"}],"collection":[{"href":"https:\/\/cofecon.org.br\/cofecon\/index.php?rest_route=\/wp\/v2\/posts"}],"about":[{"href":"https:\/\/cofecon.org.br\/cofecon\/index.php?rest_route=\/wp\/v2\/types\/post"}],"author":[{"embeddable":true,"href":"https:\/\/cofecon.org.br\/cofecon\/index.php?rest_route=\/wp\/v2\/users\/1"}],"replies":[{"embeddable":true,"href":"https:\/\/cofecon.org.br\/cofecon\/index.php?rest_route=%2Fwp%2Fv2%2Fcomments&post=11514"}],"version-history":[{"count":0,"href":"https:\/\/cofecon.org.br\/cofecon\/index.php?rest_route=\/wp\/v2\/posts\/11514\/revisions"}],"wp:featuredmedia":[{"embeddable":true,"href":"https:\/\/cofecon.org.br\/cofecon\/index.php?rest_route=\/wp\/v2\/media\/11516"}],"wp:attachment":[{"href":"https:\/\/cofecon.org.br\/cofecon\/index.php?rest_route=%2Fwp%2Fv2%2Fmedia&parent=11514"}],"wp:term":[{"taxonomy":"category","embeddable":true,"href":"https:\/\/cofecon.org.br\/cofecon\/index.php?rest_route=%2Fwp%2Fv2%2Fcategories&post=11514"},{"taxonomy":"post_tag","embeddable":true,"href":"https:\/\/cofecon.org.br\/cofecon\/index.php?rest_route=%2Fwp%2Fv2%2Ftags&post=11514"}],"curies":[{"name":"wp","href":"https:\/\/api.w.org\/{rel}","templated":true}]}}