{"id":11507,"date":"2020-06-18T09:51:49","date_gmt":"2020-06-18T12:51:49","guid":{"rendered":"https:\/\/www.cofecon.org.br\/?p=11507"},"modified":"2020-06-18T09:51:49","modified_gmt":"2020-06-18T12:51:49","slug":"presidente-participa-de-live-promovida-pela-abed-nesta-sexta-feira","status":"publish","type":"post","link":"https:\/\/cofecon.org.br\/cofecon\/?p=11507","title":{"rendered":"Presidente participa de live promovida pela ABED nesta sexta-feira"},"content":{"rendered":"\n<p><img loading=\"lazy\" decoding=\"async\" class=\"size-full wp-image-10990 alignleft\" src=\"https:\/\/www.cofecon.org.br\/wp-content\/uploads\/2020\/04\/lacerdaabril20.jpg\" alt=\"\" width=\"350\" height=\"250\" srcset=\"https:\/\/cofecon.org.br\/cofecon\/wp-content\/uploads\/2020\/04\/lacerdaabril20.jpg 350w, https:\/\/cofecon.org.br\/cofecon\/wp-content\/uploads\/2020\/04\/lacerdaabril20-300x214.jpg 300w\" sizes=\"(max-width: 350px) 100vw, 350px\" \/>O presidente do Cofecon, Antonio Corr\u00eaa de Lacerda, participar\u00e1 de live promovida pela Associa\u00e7\u00e3o Brasileira de Economistas pela Democracia (ABED). O evento virtual ocorrer\u00e1 nesta sexta-feira, 19 de junho, \u00e0s 19h30, com transmiss\u00e3o pelo <a href=\"https:\/\/www.facebook.com\/abed.economistaspelademocracia\/\"><strong>Facebook da entidade &#8211; https:\/\/www.facebook.com\/abed.economistaspelademocracia\/<\/strong><\/a><\/p>\n<p>Durante a live ser\u00e3o feitas cinco perguntas ao presidente do Cofecon:<\/p>\n<ol>\n<li>O pensamento \u00fanico nos meios de comunica\u00e7\u00e3o<\/li>\n<\/ol>\n<p>Os meios de comunica\u00e7\u00e3o corporativos no Brasil n\u00e3o permitem o debate entre as diferentes linhas de pensamento econ\u00f4mico. A presen\u00e7a mais constante nas tvs, jornais e r\u00e1dios \u00e9, principalmente, de economistas ligados aos bancos e ao mercado financeiro. Voc\u00ea, mesmo cr\u00edtico \u00e0s pol\u00edticas defendidas por esse grupo neoliberal, consegue manter seu espa\u00e7o na m\u00eddia tradicional. Gostaria que voc\u00ea comentasse essa interdi\u00e7\u00e3o ao debate e como voc\u00ea conseguiu romper o cerco. O que voc\u00ea pode nos ensinar sobre isso?<\/p>\n<p>2) Democracia e projeto de desenvolvimento<\/p>\n<p>No seu artigo \u201cPol\u00edticas macroecon\u00f4micas para o desenvolvimento brasileiro\u201d, publicado no livro \u201cO Futuro do Desenvolvimento: ensaios em homenagem a Luciano Coutinho\u201d, voc\u00ea diz o seguinte:<br \/>\u201cH\u00e1 uma quest\u00e3o mais estrutural, nas palavras do mestre Celso Furtado: vivemos, sob este ponto de vista, uma \u2018constru\u00e7\u00e3o interrompida\u2019 (t\u00edtulo de seu livro de 1992, \u2018Brasil a constru\u00e7\u00e3o interrompida\u2019). Ou seja, h\u00e1 trinta anos evolu\u00edmos na democracia, mas perdemos a capacidade de, como Na\u00e7\u00e3o, elaborarmos e viabilizarmos um projeto nacional. Nossa jovem democracia precisa ser preservada e aperfei\u00e7oada. \u00c9 preciso que as for\u00e7as vivas da Na\u00e7\u00e3o concentrem sua energia na reconstru\u00e7\u00e3o e implementa\u00e7\u00e3o de um projeto, visando ao desenvolvimento. N\u00e3o basta a agenda de curto prazo, muito disseminada por analistas do mercado financeiro e seus simpatizantes, mas medidas mais perenes, pol\u00edticas de Estado, sem as quais o desejado desenvolvimento n\u00e3o se viabilizar\u00e1.\u201d Como o artigo foi escrito em 2016, gostaria que voc\u00ea nos contasse o que mudou e o que permaneceu dessa avalia\u00e7\u00e3o que voc\u00ea fez.<\/p>\n<p>3) O refluxo da globaliza\u00e7\u00e3o e o Brasil<\/p>\n<p>Em entrevista recente, ao Der Spiegel, o economista Nouriel Roubini disse que \u201ca globaliza\u00e7\u00e3o tem mantido baixos os custos de m\u00e3o de obra e de produ\u00e7\u00e3o h\u00e1 anos, apenas por conta dos 2,5 bilh\u00f5es de trabalhadores baratos da \u00cdndia e da China. Mas a globaliza\u00e7\u00e3o j\u00e1 havia atingido seu pico ap\u00f3s a crise financeira [2008], e a pandemia intensificou essa tend\u00eancia. Estamos testemunhando a renacionaliza\u00e7\u00e3o, a desintegra\u00e7\u00e3o das cadeias de suprimentos, um conflito comercial entre a China e os EUA\u201d. Voc\u00ea concorda com ele? Pode nos contar sua vis\u00e3o sobre a desindustrializa\u00e7\u00e3o brasileira e uma eventual reindustrializa\u00e7\u00e3o? Voc\u00ea acha que a globaliza\u00e7\u00e3o vai refluir?<\/p>\n<p>4) A austeridade danosa<\/p>\n<p>Na introdu\u00e7\u00e3o do livro \u201cO Mito da Austeridade\u201d, voc\u00ea afirma, sem rodeios, que: \u201ca chamada austeridade na pol\u00edtica econ\u00f4mica representa um erro. A combina\u00e7\u00e3o de corte de gastos, especialmente em investimentos e programas sociais, aliada \u00e0 pr\u00e1tica de pol\u00edtica monet\u00e1ria restritiva, o que representa conten\u00e7\u00e3o de cr\u00e9dito e juros elevados, tem um significado danos para o pa\u00eds\u201d. Voc\u00ea pode nos explicar por que o corte de gastos e investimentos \u00e9 a \u00fanica a\u00e7\u00e3o de pol\u00edtica econ\u00f4mica desse governo?<\/p>\n<p>5) O futuro<\/p>\n<p>Estamos no meio de uma tr\u00edplice crise: sanit\u00e1ria, pol\u00edtica e econ\u00f4mica. Como voc\u00ea est\u00e1 vendo nossos pr\u00f3ximos tempos? Voc\u00ea est\u00e1 otimista ou pessimista?<\/p>\n<p>\u00a0<\/p>\n","protected":false},"excerpt":{"rendered":"","protected":false},"author":1,"featured_media":10990,"comment_status":"closed","ping_status":"closed","sticky":false,"template":"","format":"standard","meta":{"footnotes":""},"categories":[27,2],"tags":[],"class_list":["post-11507","post","type-post","status-publish","format-standard","has-post-thumbnail","hentry","category-acoes-da-presidencia-lacerda","category-noticias"],"_links":{"self":[{"href":"https:\/\/cofecon.org.br\/cofecon\/index.php?rest_route=\/wp\/v2\/posts\/11507"}],"collection":[{"href":"https:\/\/cofecon.org.br\/cofecon\/index.php?rest_route=\/wp\/v2\/posts"}],"about":[{"href":"https:\/\/cofecon.org.br\/cofecon\/index.php?rest_route=\/wp\/v2\/types\/post"}],"author":[{"embeddable":true,"href":"https:\/\/cofecon.org.br\/cofecon\/index.php?rest_route=\/wp\/v2\/users\/1"}],"replies":[{"embeddable":true,"href":"https:\/\/cofecon.org.br\/cofecon\/index.php?rest_route=%2Fwp%2Fv2%2Fcomments&post=11507"}],"version-history":[{"count":0,"href":"https:\/\/cofecon.org.br\/cofecon\/index.php?rest_route=\/wp\/v2\/posts\/11507\/revisions"}],"wp:featuredmedia":[{"embeddable":true,"href":"https:\/\/cofecon.org.br\/cofecon\/index.php?rest_route=\/wp\/v2\/media\/10990"}],"wp:attachment":[{"href":"https:\/\/cofecon.org.br\/cofecon\/index.php?rest_route=%2Fwp%2Fv2%2Fmedia&parent=11507"}],"wp:term":[{"taxonomy":"category","embeddable":true,"href":"https:\/\/cofecon.org.br\/cofecon\/index.php?rest_route=%2Fwp%2Fv2%2Fcategories&post=11507"},{"taxonomy":"post_tag","embeddable":true,"href":"https:\/\/cofecon.org.br\/cofecon\/index.php?rest_route=%2Fwp%2Fv2%2Ftags&post=11507"}],"curies":[{"name":"wp","href":"https:\/\/api.w.org\/{rel}","templated":true}]}}