{"id":11496,"date":"2020-06-16T11:31:50","date_gmt":"2020-06-16T14:31:50","guid":{"rendered":"https:\/\/www.cofecon.org.br\/?p=11496"},"modified":"2020-06-16T11:31:50","modified_gmt":"2020-06-16T14:31:50","slug":"corecon-rs","status":"publish","type":"post","link":"https:\/\/cofecon.org.br\/cofecon\/?p=11496","title":{"rendered":"Corecon-RS realiza live sobre supera\u00e7\u00e3o de crise econ\u00f4mica"},"content":{"rendered":"\n<p>O Conselho Regional de Economia do Rio Grande do Sul (Corecon-RS) realizar\u00e1 live nesta ter\u00e7a-feira, 16 de junho, sobre o tema \u201cComo enfrentamos a crise e como vamos sair dela\u201d. A transmiss\u00e3o ocorrer\u00e1 \u00e0s 19h na p\u00e1gina do Corecon-RS no Facebook &#8211; www.facebook.com\/coreconrs\/<\/p>\n<p>Participam como debatedores o economista Paulo Afonso Pereira, presidente da Associa\u00e7\u00e3o Comercial de Porto Alegre; e os empres\u00e1rios Eduardo Olatramari, superintendente do Shopping Total, e Fernando Villarinho.<\/p>\n<p>A iniciativa faz parte do projeto \u201cFor\u00e7a-tarefa: economistas falam \u00e0 sociedade ga\u00facha\u201d, promovido pelo Corecon-RS.<\/p>\n<p><img loading=\"lazy\" decoding=\"async\" class=\"size-full wp-image-11497 aligncenter\" src=\"https:\/\/www.cofecon.org.br\/wp-content\/uploads\/2020\/06\/coreconrss.png\" alt=\"\" width=\"550\" height=\"550\" srcset=\"https:\/\/cofecon.org.br\/cofecon\/wp-content\/uploads\/2020\/06\/coreconrss.png 550w, https:\/\/cofecon.org.br\/cofecon\/wp-content\/uploads\/2020\/06\/coreconrss-300x300.png 300w, https:\/\/cofecon.org.br\/cofecon\/wp-content\/uploads\/2020\/06\/coreconrss-150x150.png 150w, https:\/\/cofecon.org.br\/cofecon\/wp-content\/uploads\/2020\/06\/coreconrss-250x250.png 250w\" sizes=\"(max-width: 550px) 100vw, 550px\" \/><br \/><br \/><\/p>\n","protected":false},"excerpt":{"rendered":"","protected":false},"author":1,"featured_media":11498,"comment_status":"closed","ping_status":"closed","sticky":false,"template":"","format":"standard","meta":{"footnotes":""},"categories":[4,2],"tags":[],"class_list":["post-11496","post","type-post","status-publish","format-standard","has-post-thumbnail","hentry","category-corecons-em-movimento","category-noticias"],"_links":{"self":[{"href":"https:\/\/cofecon.org.br\/cofecon\/index.php?rest_route=\/wp\/v2\/posts\/11496"}],"collection":[{"href":"https:\/\/cofecon.org.br\/cofecon\/index.php?rest_route=\/wp\/v2\/posts"}],"about":[{"href":"https:\/\/cofecon.org.br\/cofecon\/index.php?rest_route=\/wp\/v2\/types\/post"}],"author":[{"embeddable":true,"href":"https:\/\/cofecon.org.br\/cofecon\/index.php?rest_route=\/wp\/v2\/users\/1"}],"replies":[{"embeddable":true,"href":"https:\/\/cofecon.org.br\/cofecon\/index.php?rest_route=%2Fwp%2Fv2%2Fcomments&post=11496"}],"version-history":[{"count":0,"href":"https:\/\/cofecon.org.br\/cofecon\/index.php?rest_route=\/wp\/v2\/posts\/11496\/revisions"}],"wp:featuredmedia":[{"embeddable":true,"href":"https:\/\/cofecon.org.br\/cofecon\/index.php?rest_route=\/wp\/v2\/media\/11498"}],"wp:attachment":[{"href":"https:\/\/cofecon.org.br\/cofecon\/index.php?rest_route=%2Fwp%2Fv2%2Fmedia&parent=11496"}],"wp:term":[{"taxonomy":"category","embeddable":true,"href":"https:\/\/cofecon.org.br\/cofecon\/index.php?rest_route=%2Fwp%2Fv2%2Fcategories&post=11496"},{"taxonomy":"post_tag","embeddable":true,"href":"https:\/\/cofecon.org.br\/cofecon\/index.php?rest_route=%2Fwp%2Fv2%2Ftags&post=11496"}],"curies":[{"name":"wp","href":"https:\/\/api.w.org\/{rel}","templated":true}]}}