{"id":11450,"date":"2020-06-12T16:40:42","date_gmt":"2020-06-12T19:40:42","guid":{"rendered":"https:\/\/www.cofecon.org.br\/?p=11450"},"modified":"2020-06-12T16:40:42","modified_gmt":"2020-06-12T19:40:42","slug":"conselheiro-lauro-chaves-neto-apresentara-oficina-gratuita-de-planejamento-estrategico","status":"publish","type":"post","link":"https:\/\/cofecon.org.br\/cofecon\/?p=11450","title":{"rendered":"Conselheiro Lauro Chaves Neto apresentar\u00e1 oficina gratuita de Planejamento Estrat\u00e9gico"},"content":{"rendered":"\n<p><img loading=\"lazy\" decoding=\"async\" class=\"wp-image-11451 size-medium alignleft\" src=\"https:\/\/www.cofecon.org.br\/wp-content\/uploads\/2020\/06\/Oficina_Lauro-300x300.jpg\" alt=\"\" width=\"300\" height=\"300\" srcset=\"https:\/\/cofecon.org.br\/cofecon\/wp-content\/uploads\/2020\/06\/Oficina_Lauro-300x300.jpg 300w, https:\/\/cofecon.org.br\/cofecon\/wp-content\/uploads\/2020\/06\/Oficina_Lauro-150x150.jpg 150w, https:\/\/cofecon.org.br\/cofecon\/wp-content\/uploads\/2020\/06\/Oficina_Lauro-768x768.jpg 768w, https:\/\/cofecon.org.br\/cofecon\/wp-content\/uploads\/2020\/06\/Oficina_Lauro-800x800.jpg 800w, https:\/\/cofecon.org.br\/cofecon\/wp-content\/uploads\/2020\/06\/Oficina_Lauro-250x250.jpg 250w, https:\/\/cofecon.org.br\/cofecon\/wp-content\/uploads\/2020\/06\/Oficina_Lauro.jpg 1024w\" sizes=\"(max-width: 300px) 100vw, 300px\" \/>O conselheiro federal Lauro Chaves Neto ministrar\u00e1 a pr\u00f3xima oficina gratuita do Cofecon. O tema escolhido foi Planejamento Estrat\u00e9gico e as aulas come\u00e7am na pr\u00f3xima ter\u00e7a-feira, 16 de junho. <a href=\"https:\/\/www.youtube.com\/c\/cofecon\"><strong>A transmiss\u00e3o ocorrer\u00e1 no canal do Cofecon no Youtube. CLIQUE AQUI.<\/strong><\/a><\/p>\n<p>O projeto \u00e9 uma iniciativa da Comiss\u00e3o de Educa\u00e7\u00e3o do Cofecon, coordenada pela vice-presidente, Denise Kassama, com foco em qualificar economistas durante a pandemia do novo coronav\u00edrus.<\/p>\n<p>Ao todo, ser\u00e3o quatro m\u00f3dulos, ministrados \u00e0s ter\u00e7as e quintas, nos dias 16, 18, 23 e 25 de junho, das 17h \u00e0s 18h. Confira a agenda completa:<\/p>\n<p>1\u00ba m\u00f3dulo &#8211; 16\/06 &#8211; Fundamenta\u00e7\u00e3o e an\u00e1lise do macroambiente;<\/p>\n<p>2\u00ba m\u00f3dulo &#8211; 18\/06 &#8211; An\u00e1lise do ambiente setorial e da organiza\u00e7\u00e3o;<\/p>\n<p>3\u00ba m\u00f3dulo &#8211; 23\/06 &#8211; Formula\u00e7\u00e3o: identidade, objetivos, estrat\u00e9gias e indicadores;<\/p>\n<p>4\u00ba m\u00f3dulo &#8211; 25\/06 &#8211; Implanta\u00e7\u00e3o: BSC e Planos de A\u00e7\u00e3o.\u00a0<\/p>\n<p>Os interessados devem se inscrever em www.cofecon.org.br\/ead para baixar o material do curso e receber certificado de participa\u00e7\u00e3o. <a href=\"https:\/\/www.youtube.com\/watch?v=VfPBvKsGzlU\"><strong>O tutorial de inscri\u00e7\u00e3o est\u00e1 dispon\u00edvel aqui.<\/strong><\/a><\/p>\n<p>Lauro Chaves Neto \u00e9 economista, PhD em Desenvolvimento Regional pela Universidade de Barcelona, professor da Universidade Estadual do Cear\u00e1 (UECE) e assessor econ\u00f4mico da Federa\u00e7\u00e3o das Ind\u00fastrias do Estado do Cear\u00e1 (FIEC).<\/p>\n<p>Confira, abaixo, o convite do economista Lauro Chaves Neto.<\/p>\n<p><iframe loading=\"lazy\" title=\"Conselheiro Lauro Chaves Neto convida para oficina de Planejamento Estrat\u00e9gico\" width=\"500\" height=\"281\" src=\"https:\/\/www.youtube.com\/embed\/t6m_nOlOzdc?feature=oembed\" frameborder=\"0\" allow=\"accelerometer; autoplay; clipboard-write; encrypted-media; gyroscope; picture-in-picture; web-share\" referrerpolicy=\"strict-origin-when-cross-origin\" allowfullscreen><\/iframe><\/p>\n<p>\u00a0<\/p>\n<p>\u00a0<\/p>\n","protected":false},"excerpt":{"rendered":"","protected":false},"author":1,"featured_media":11262,"comment_status":"closed","ping_status":"closed","sticky":false,"template":"","format":"standard","meta":{"footnotes":""},"categories":[2],"tags":[],"class_list":["post-11450","post","type-post","status-publish","format-standard","has-post-thumbnail","hentry","category-noticias"],"_links":{"self":[{"href":"https:\/\/cofecon.org.br\/cofecon\/index.php?rest_route=\/wp\/v2\/posts\/11450"}],"collection":[{"href":"https:\/\/cofecon.org.br\/cofecon\/index.php?rest_route=\/wp\/v2\/posts"}],"about":[{"href":"https:\/\/cofecon.org.br\/cofecon\/index.php?rest_route=\/wp\/v2\/types\/post"}],"author":[{"embeddable":true,"href":"https:\/\/cofecon.org.br\/cofecon\/index.php?rest_route=\/wp\/v2\/users\/1"}],"replies":[{"embeddable":true,"href":"https:\/\/cofecon.org.br\/cofecon\/index.php?rest_route=%2Fwp%2Fv2%2Fcomments&post=11450"}],"version-history":[{"count":0,"href":"https:\/\/cofecon.org.br\/cofecon\/index.php?rest_route=\/wp\/v2\/posts\/11450\/revisions"}],"wp:featuredmedia":[{"embeddable":true,"href":"https:\/\/cofecon.org.br\/cofecon\/index.php?rest_route=\/wp\/v2\/media\/11262"}],"wp:attachment":[{"href":"https:\/\/cofecon.org.br\/cofecon\/index.php?rest_route=%2Fwp%2Fv2%2Fmedia&parent=11450"}],"wp:term":[{"taxonomy":"category","embeddable":true,"href":"https:\/\/cofecon.org.br\/cofecon\/index.php?rest_route=%2Fwp%2Fv2%2Fcategories&post=11450"},{"taxonomy":"post_tag","embeddable":true,"href":"https:\/\/cofecon.org.br\/cofecon\/index.php?rest_route=%2Fwp%2Fv2%2Ftags&post=11450"}],"curies":[{"name":"wp","href":"https:\/\/api.w.org\/{rel}","templated":true}]}}