{"id":11435,"date":"2020-06-12T10:59:54","date_gmt":"2020-06-12T13:59:54","guid":{"rendered":"https:\/\/www.cofecon.org.br\/?p=11435"},"modified":"2024-12-16T14:51:42","modified_gmt":"2024-12-16T17:51:42","slug":"revista-economistas-apresenta-cenarios-diante-da-pandemia-de-covid-19","status":"publish","type":"post","link":"https:\/\/cofecon.org.br\/cofecon\/?p=11435","title":{"rendered":"Revista Economistas apresenta cen\u00e1rios diante da pandemia de Covid-19\u201d"},"content":{"rendered":"\n<p><img loading=\"lazy\" decoding=\"async\" class=\"size-full wp-image-11436 alignleft\" src=\"https:\/\/www.cofecon.org.br\/cofecon\/wp-content\/uploads\/2020\/06\/economistas-junho.jpg\" alt=\"\" width=\"285\" height=\"405\" srcset=\"https:\/\/cofecon.org.br\/cofecon\/wp-content\/uploads\/2020\/06\/economistas-junho.jpg 285w, https:\/\/cofecon.org.br\/cofecon\/wp-content\/uploads\/2020\/06\/economistas-junho-211x300.jpg 211w\" sizes=\"(max-width: 285px) 100vw, 285px\" \/>A 36\u00aa edi\u00e7\u00e3o da Revista Economistas j\u00e1 est\u00e1 dispon\u00edvel no site do Cofecon para leitura (<a href=\"https:\/\/www.yumpu.com\/pt\/document\/view\/63478640\/economistas-abril-junho-1\">CLIQUE AQUI<\/a>). A publica\u00e7\u00e3o traz artigos de economistas sobre cen\u00e1rios e perspectivas diante da pandemia de Covid-19 que, al\u00e9m do flagelo humano e social, impacta profundamente a economia mundial.<\/p>\n<p>Confira, a seguir, os temas abordados e respectivos autores:<\/p>\n<p>\u2022 \u201cPandemia e economia: desafios para o Brasil\u201d \u2013 Econ. Antonio Corr\u00eaa de Lacerda e Econ. Andr\u00e9 Paiva Ramos;<br \/>\u2022 \u201cA economia brasileira no cen\u00e1rio de incertezas\u201d \u2013 Econ. Marcel Soli-meo.<br \/>\u2022 \u201cImpactos da Covid-19 na economia brasileira e os desafios para a re-tomada p\u00f3s-pandemia\u201d \u2013 Econ. Guilherme Dietze;<br \/>\u2022 \u201cUma nova d\u00e9cada perdida\u201d \u2013 Econ. Gustavo Pessoti;<br \/>\u2022 \u201cCovid-19: capacidade estatal e capital social\u201d \u2013 Econ. Carlos Cinquetti;<br \/>\u2022 \u201cPol\u00edtica fiscal em tempos de coronav\u00edrus\u201d \u2013 Econ. Benito Salom\u00e3o;<br \/>\u2022 \u201cBancos e Covid-19, muito vento e pouca chuva\u201d \u2013 Econ. Roberto Tros-ter;<br \/>\u2022 \u201cA economia, a epidemia e a crise\u201d \u2013 Econ. Gustavo Noronha e Daniel Negreiros Concei\u00e7\u00e3o;<br \/>\u2022 \u201cCen\u00e1rio dr\u00e1stico para a coronadepress\u00e3o\u201d \u2013 Econ. Lauro Chaves Neto.<\/p>\n<p>A publica\u00e7\u00e3o conta tamb\u00e9m com as mat\u00e9rias \u201cEconomia em tempos de pande-mia\u201d e \u201cSistema Cofecon\/Corecons aposta na tecnologia aliada \u00e0 informa\u00e7\u00e3o durante a pan-demia de Covid-19\u201d, e com a resenha do livro \u201cEconomia das crises\u201d, de Nouriel Roubini, escrita pela Economista Celina Martins Ramalho.<\/p>\n","protected":false},"excerpt":{"rendered":"<p>A 36\u00aa edi\u00e7\u00e3o da Revista Economistas j\u00e1 est\u00e1 dispon\u00edvel no site do Cofecon para leitura (CLIQUE AQUI). A publica\u00e7\u00e3o traz artigos de economistas sobre cen\u00e1rios e perspectivas diante da pandemia de Covid-19 que, al\u00e9m do flagelo humano e social, impacta<\/p>\n<p><a class=\"more-link\" href=\"https:\/\/cofecon.org.br\/cofecon\/?p=11435\">Leia Mais<\/a><\/p>\n","protected":false},"author":1,"featured_media":11437,"comment_status":"closed","ping_status":"closed","sticky":false,"template":"","format":"standard","meta":{"footnotes":""},"categories":[2,41],"tags":[],"class_list":["post-11435","post","type-post","status-publish","format-standard","has-post-thumbnail","hentry","category-noticias","category-revista-economistas"],"_links":{"self":[{"href":"https:\/\/cofecon.org.br\/cofecon\/index.php?rest_route=\/wp\/v2\/posts\/11435"}],"collection":[{"href":"https:\/\/cofecon.org.br\/cofecon\/index.php?rest_route=\/wp\/v2\/posts"}],"about":[{"href":"https:\/\/cofecon.org.br\/cofecon\/index.php?rest_route=\/wp\/v2\/types\/post"}],"author":[{"embeddable":true,"href":"https:\/\/cofecon.org.br\/cofecon\/index.php?rest_route=\/wp\/v2\/users\/1"}],"replies":[{"embeddable":true,"href":"https:\/\/cofecon.org.br\/cofecon\/index.php?rest_route=%2Fwp%2Fv2%2Fcomments&post=11435"}],"version-history":[{"count":1,"href":"https:\/\/cofecon.org.br\/cofecon\/index.php?rest_route=\/wp\/v2\/posts\/11435\/revisions"}],"predecessor-version":[{"id":24312,"href":"https:\/\/cofecon.org.br\/cofecon\/index.php?rest_route=\/wp\/v2\/posts\/11435\/revisions\/24312"}],"wp:featuredmedia":[{"embeddable":true,"href":"https:\/\/cofecon.org.br\/cofecon\/index.php?rest_route=\/wp\/v2\/media\/11437"}],"wp:attachment":[{"href":"https:\/\/cofecon.org.br\/cofecon\/index.php?rest_route=%2Fwp%2Fv2%2Fmedia&parent=11435"}],"wp:term":[{"taxonomy":"category","embeddable":true,"href":"https:\/\/cofecon.org.br\/cofecon\/index.php?rest_route=%2Fwp%2Fv2%2Fcategories&post=11435"},{"taxonomy":"post_tag","embeddable":true,"href":"https:\/\/cofecon.org.br\/cofecon\/index.php?rest_route=%2Fwp%2Fv2%2Ftags&post=11435"}],"curies":[{"name":"wp","href":"https:\/\/api.w.org\/{rel}","templated":true}]}}