{"id":11350,"date":"2020-06-04T16:14:03","date_gmt":"2020-06-04T19:14:03","guid":{"rendered":"https:\/\/www.cofecon.org.br\/?p=11350"},"modified":"2020-06-04T16:14:03","modified_gmt":"2020-06-04T19:14:03","slug":"em-live-nesta-sexta-feira-corecon-rs-discutira-relacoes-economicas-internacionais","status":"publish","type":"post","link":"https:\/\/cofecon.org.br\/cofecon\/?p=11350","title":{"rendered":"Em live nesta sexta-feira, Corecon-RS discutir\u00e1 rela\u00e7\u00f5es econ\u00f4micas internacionais"},"content":{"rendered":"\n<p>Os economistas Roberto Rodolfo Georg Uebel e F\u00e1bio Pesavento, professores da Escola Superior de Propaganda e Marketing (ESPM) participam de live promovida pelo Conselho Regional de Economia do Rio Grande do Sul (Corecon-RS) nesta sexta-feira, 5 de junho. A transmiss\u00e3o ocorrer\u00e1 a partir das 17h, na p\u00e1gina do Corecon-RS no Facebook &#8211; www.facebook.com\/coreconrs\/<\/p>\n<p>\u00a0<\/p>\n<p>Curr\u00edculos<\/p>\n<p>Roberto Rodolfo Georg Uebel<\/p>\n<p>Doutor em Estudos Estrat\u00e9gicos Internacionais pela Universidade Federal do Rio Grande do Sul na linha de pesquisa de Pol\u00edtica Internacional. Mestre em Geografia (Ufrgs), Especialista em Gest\u00e3o P\u00fablica pela Universidade Federal de Santa Maria (UFSM) e Gest\u00e3o P\u00fablica Municipal pela Universidade Federal de S\u00e3o Paulo (Unifesp). Bacharel em Ci\u00eancias Econ\u00f4micas pela UFSM. Tamb\u00e9m \u00e9 Especialista em &#8220;Uso efetivo de recursos energ\u00e9ticos&#8221; pelo International Sustainable Energy Development Center under the auspices of Unesco e pela Universidade Russa da Amizade dos Povos. \u00c9 pesquisador dos grupos de pesquisa, certificados pelo CNPq, Grupo de Pesquisa em Cultura Pol\u00edtica, Estado e Rela\u00e7\u00f5es Internacionais (CespriI\/Ufrgs), Laborat\u00f3rio Estado e Territ\u00f3rio (Labeter\/Ufrgs) , Novos Polos de Poder e a Pol\u00edtica Internacional (ESPM-POA) e Grupo de Economia do Mar (GEM\/EGN-Furg). Pesquisador do Consejo Latino-Americano de Ciencias Sociales (Clacso). Membro da Academia Nacional de Estudos Transnacionais (ANET), Associa\u00e7\u00e3o Brasileira de Rela\u00e7\u00f5es Internacionais (ABRI), Associa\u00e7\u00e3o Brasileira de Estudos de Defesa, Association for Borderlands Studies (ABS), Associa\u00e7\u00e3o Nacional de Pesquisadores da Hist\u00f3ria das Comunidades Teuto-Brasileiras (ANPHCTB), International Union for the Scientific Study of Population (IUSSP) e International Studies Association (ISA).<\/p>\n<p>\u00a0<\/p>\n<p>Fabio Pesavento<\/p>\n<p>Possui gradua\u00e7\u00e3o em economia pela Universidade Federal do Rio Grande do Sul (Ufrgs), Mestrado e Doutorado em Economia pela Universidade Federal Fluminense (UFF). Realizou est\u00e1gio em Doutoramento no Instituto de Ci\u00eancias Sociais, da Universidade de Lisboa. Tem experi\u00eancia na \u00e1rea de hist\u00f3ria econ\u00f4mica, conjuntura econ\u00f4mica, economia institucional e advertising economics.<\/p>\n<p><img loading=\"lazy\" decoding=\"async\" class=\"alignnone size-full wp-image-11351\" src=\"https:\/\/www.cofecon.org.br\/wp-content\/uploads\/2020\/06\/livers.png\" alt=\"\" width=\"550\" height=\"550\" srcset=\"https:\/\/cofecon.org.br\/cofecon\/wp-content\/uploads\/2020\/06\/livers.png 550w, https:\/\/cofecon.org.br\/cofecon\/wp-content\/uploads\/2020\/06\/livers-300x300.png 300w, https:\/\/cofecon.org.br\/cofecon\/wp-content\/uploads\/2020\/06\/livers-150x150.png 150w, https:\/\/cofecon.org.br\/cofecon\/wp-content\/uploads\/2020\/06\/livers-250x250.png 250w\" sizes=\"(max-width: 550px) 100vw, 550px\" \/><\/p>\n","protected":false},"excerpt":{"rendered":"","protected":false},"author":1,"featured_media":11352,"comment_status":"closed","ping_status":"closed","sticky":false,"template":"","format":"standard","meta":{"footnotes":""},"categories":[4],"tags":[],"class_list":["post-11350","post","type-post","status-publish","format-standard","has-post-thumbnail","hentry","category-corecons-em-movimento"],"_links":{"self":[{"href":"https:\/\/cofecon.org.br\/cofecon\/index.php?rest_route=\/wp\/v2\/posts\/11350"}],"collection":[{"href":"https:\/\/cofecon.org.br\/cofecon\/index.php?rest_route=\/wp\/v2\/posts"}],"about":[{"href":"https:\/\/cofecon.org.br\/cofecon\/index.php?rest_route=\/wp\/v2\/types\/post"}],"author":[{"embeddable":true,"href":"https:\/\/cofecon.org.br\/cofecon\/index.php?rest_route=\/wp\/v2\/users\/1"}],"replies":[{"embeddable":true,"href":"https:\/\/cofecon.org.br\/cofecon\/index.php?rest_route=%2Fwp%2Fv2%2Fcomments&post=11350"}],"version-history":[{"count":0,"href":"https:\/\/cofecon.org.br\/cofecon\/index.php?rest_route=\/wp\/v2\/posts\/11350\/revisions"}],"wp:featuredmedia":[{"embeddable":true,"href":"https:\/\/cofecon.org.br\/cofecon\/index.php?rest_route=\/wp\/v2\/media\/11352"}],"wp:attachment":[{"href":"https:\/\/cofecon.org.br\/cofecon\/index.php?rest_route=%2Fwp%2Fv2%2Fmedia&parent=11350"}],"wp:term":[{"taxonomy":"category","embeddable":true,"href":"https:\/\/cofecon.org.br\/cofecon\/index.php?rest_route=%2Fwp%2Fv2%2Fcategories&post=11350"},{"taxonomy":"post_tag","embeddable":true,"href":"https:\/\/cofecon.org.br\/cofecon\/index.php?rest_route=%2Fwp%2Fv2%2Ftags&post=11350"}],"curies":[{"name":"wp","href":"https:\/\/api.w.org\/{rel}","templated":true}]}}