{"id":1132,"date":"2016-06-06T18:30:13","date_gmt":"2016-06-06T21:30:13","guid":{"rendered":"http:\/\/www.cofecon.org.br\/?p=1132"},"modified":"2016-06-06T18:30:13","modified_gmt":"2016-06-06T21:30:13","slug":"corecon-ms-promove-mesa-redonda-sobre-agronegocios","status":"publish","type":"post","link":"https:\/\/cofecon.org.br\/cofecon\/?p=1132","title":{"rendered":"Corecon-MS promove mesa redonda sobre agroneg\u00f3cios"},"content":{"rendered":"<p style=\"text-align: justify;\"><img loading=\"lazy\" decoding=\"async\" class=\"size-medium wp-image-1133 alignleft\" src=\"http:\/\/www.cofecon.org.br\/wp-content\/uploads\/2017\/06\/61-300x171.jpg\" alt=\"\" width=\"300\" height=\"171\" srcset=\"https:\/\/cofecon.org.br\/cofecon\/wp-content\/uploads\/2017\/06\/61-300x171.jpg 300w, https:\/\/cofecon.org.br\/cofecon\/wp-content\/uploads\/2017\/06\/61.jpg 679w\" sizes=\"(max-width: 300px) 100vw, 300px\" \/>O Conselho Regional de Economia do Mato Grosso do Sul (Corecon-MS) realizar\u00e1, no dia 17 de junho, um debate sobre \u201cO Agroneg\u00f3cio em Mato Grosso do Sul\u201d. O evento ocorrer\u00e1 na Universidade Estadual de Mato Grosso do Sul (UEMS), em Dourados, a partir das 19h e \u00e9 voltado a economistas, estudantes e demais profissionais. A participa\u00e7\u00e3o \u00e9 gratuita e a confirma\u00e7\u00e3o de presen\u00e7a deve ser feita pelo link: <a href=\"http:\/\/goo.gl\/forms\/nfL6ziLuTliaX3uC3\">http:\/\/goo.gl\/forms\/nfL6ziLuTliaX3uC3<\/a><\/p>\n<p style=\"text-align: justify;\">Est\u00e1 confirmada a presen\u00e7a dos seguintes palestrantes: a economista Adriana Mascarenhas, representando a Federa\u00e7\u00e3o da Agricultura e Pecu\u00e1ria de Mato Grosso do Sul (FAMASUL); o economista Jonathan Gon\u00e7alves da Silva, representando a Universidade Federal da Grande Dourados (UFGD); e o economista Ricardo Senna, representando a Secretaria de Estado de Meio Ambiente e Desenvolvimento Econ\u00f4mico de Mato Grosso do Sul (Semade MS). O evento conta com o apoio do Sebrae, UEMS, UFMS, UFGD e Corecon Jovem.<\/p>\n<p style=\"text-align: justify;\">Servi\u00e7o:<\/p>\n<p style=\"text-align: justify;\">Mesa redonda \u201cO agroneg\u00f3cio em Mato Grosso do Sul\u201d<\/p>\n<p style=\"text-align: justify;\">Data: 17\/06<\/p>\n<p style=\"text-align: justify;\">Hor\u00e1rio: 19h<\/p>\n<p style=\"text-align: justify;\">Local: UEMS &#8211; Audit\u00f3rio do bloco A. Dourados\/MS<\/p>\n<p style=\"text-align: justify;\">Inscri\u00e7\u00f5es em <u><a href=\"http:\/\/goo.gl\/forms\/nfL6ziLuTliaX3uC3\">http:\/\/goo.gl\/forms\/nfL6ziLuTliaX3uC3<\/a><\/u><\/p>\n","protected":false},"excerpt":{"rendered":"<p>O Conselho Regional de Economia do Mato Grosso do Sul (Corecon-MS) realizar\u00e1, no dia 17 de junho, um debate sobre \u201cO Agroneg\u00f3cio em Mato Grosso do Sul\u201d. O evento ocorrer\u00e1 na Universidade Estadual de Mato Grosso do Sul (UEMS), em<\/p>\n<p><a class=\"more-link\" href=\"https:\/\/cofecon.org.br\/cofecon\/?p=1132\">Leia Mais<\/a><\/p>\n","protected":false},"author":1,"featured_media":0,"comment_status":"open","ping_status":"open","sticky":false,"template":"","format":"standard","meta":{"footnotes":""},"categories":[2],"tags":[],"class_list":["post-1132","post","type-post","status-publish","format-standard","hentry","category-noticias"],"_links":{"self":[{"href":"https:\/\/cofecon.org.br\/cofecon\/index.php?rest_route=\/wp\/v2\/posts\/1132"}],"collection":[{"href":"https:\/\/cofecon.org.br\/cofecon\/index.php?rest_route=\/wp\/v2\/posts"}],"about":[{"href":"https:\/\/cofecon.org.br\/cofecon\/index.php?rest_route=\/wp\/v2\/types\/post"}],"author":[{"embeddable":true,"href":"https:\/\/cofecon.org.br\/cofecon\/index.php?rest_route=\/wp\/v2\/users\/1"}],"replies":[{"embeddable":true,"href":"https:\/\/cofecon.org.br\/cofecon\/index.php?rest_route=%2Fwp%2Fv2%2Fcomments&post=1132"}],"version-history":[{"count":0,"href":"https:\/\/cofecon.org.br\/cofecon\/index.php?rest_route=\/wp\/v2\/posts\/1132\/revisions"}],"wp:attachment":[{"href":"https:\/\/cofecon.org.br\/cofecon\/index.php?rest_route=%2Fwp%2Fv2%2Fmedia&parent=1132"}],"wp:term":[{"taxonomy":"category","embeddable":true,"href":"https:\/\/cofecon.org.br\/cofecon\/index.php?rest_route=%2Fwp%2Fv2%2Fcategories&post=1132"},{"taxonomy":"post_tag","embeddable":true,"href":"https:\/\/cofecon.org.br\/cofecon\/index.php?rest_route=%2Fwp%2Fv2%2Ftags&post=1132"}],"curies":[{"name":"wp","href":"https:\/\/api.w.org\/{rel}","templated":true}]}}