{"id":1125,"date":"2016-06-02T18:18:29","date_gmt":"2016-06-02T21:18:29","guid":{"rendered":"http:\/\/www.cofecon.org.br\/?p=1125"},"modified":"2016-06-02T18:18:29","modified_gmt":"2016-06-02T21:18:29","slug":"funcionario-do-cofecon-completa-30-anos-de-casa","status":"publish","type":"post","link":"https:\/\/cofecon.org.br\/cofecon\/?p=1125","title":{"rendered":"Funcion\u00e1rio do Cofecon completa 30 anos de casa"},"content":{"rendered":"<p style=\"text-align: justify;\">O t\u00e9cnico em contabilidade do Conselho Federal de Economia (Cofecon), Jos\u00e9 Luiz Pereira Barboza, completou 30 anos de casa nesta quinta-feira. Ele ingressou na Autarquia no dia 02 de junho de 1986. Em raz\u00e3o da data especial, os funcion\u00e1rios se reuniram no Plen\u00e1rio Jo\u00e3o Paulo de Almeida Magalh\u00e3es, na sede do Conselho, onde houve uma homenagem a Jos\u00e9 Luiz.<\/p>\n<p style=\"text-align: justify;\">&#8211; Em nome de todo o Sistema Cofecon\/Corecons, eu agrade\u00e7o pelos muitos anos de dedica\u00e7\u00e3o e empenho. Agrade\u00e7o tamb\u00e9m pelo servi\u00e7o exemplar e pela sua compet\u00eancia, que \u00e9 atestada por todos aqui &#8211; ponderou o presidente do Cofecon, J\u00falio Miragaya.<\/p>\n<p style=\"text-align: justify;\">Como forma de reconhecimento, o Conselho concedeu um certificado ao funcion\u00e1rio. O documento homenageia Jos\u00e9 Luiz pelos 30 anos de servi\u00e7o prestados ao Cofecon e aos economistas brasileiros.<\/p>\n<p style=\"text-align: justify;\">&#8211; Fico muito grato pela lembran\u00e7a e agrade\u00e7o pela colabora\u00e7\u00e3o de todas as pessoas com quem eu tive a oportunidade de compartilhar essa trajet\u00f3ria &#8211; finaliza o homenageado.<\/p>\n","protected":false},"excerpt":{"rendered":"<p>O t\u00e9cnico em contabilidade do Conselho Federal de Economia (Cofecon), Jos\u00e9 Luiz Pereira Barboza, completou 30 anos de casa nesta quinta-feira. Ele ingressou na Autarquia no dia 02 de junho de 1986. Em raz\u00e3o da data especial, os funcion\u00e1rios se<\/p>\n<p><a class=\"more-link\" href=\"https:\/\/cofecon.org.br\/cofecon\/?p=1125\">Leia Mais<\/a><\/p>\n","protected":false},"author":1,"featured_media":0,"comment_status":"open","ping_status":"open","sticky":false,"template":"","format":"standard","meta":{"footnotes":""},"categories":[2],"tags":[],"class_list":["post-1125","post","type-post","status-publish","format-standard","hentry","category-noticias"],"_links":{"self":[{"href":"https:\/\/cofecon.org.br\/cofecon\/index.php?rest_route=\/wp\/v2\/posts\/1125"}],"collection":[{"href":"https:\/\/cofecon.org.br\/cofecon\/index.php?rest_route=\/wp\/v2\/posts"}],"about":[{"href":"https:\/\/cofecon.org.br\/cofecon\/index.php?rest_route=\/wp\/v2\/types\/post"}],"author":[{"embeddable":true,"href":"https:\/\/cofecon.org.br\/cofecon\/index.php?rest_route=\/wp\/v2\/users\/1"}],"replies":[{"embeddable":true,"href":"https:\/\/cofecon.org.br\/cofecon\/index.php?rest_route=%2Fwp%2Fv2%2Fcomments&post=1125"}],"version-history":[{"count":0,"href":"https:\/\/cofecon.org.br\/cofecon\/index.php?rest_route=\/wp\/v2\/posts\/1125\/revisions"}],"wp:attachment":[{"href":"https:\/\/cofecon.org.br\/cofecon\/index.php?rest_route=%2Fwp%2Fv2%2Fmedia&parent=1125"}],"wp:term":[{"taxonomy":"category","embeddable":true,"href":"https:\/\/cofecon.org.br\/cofecon\/index.php?rest_route=%2Fwp%2Fv2%2Fcategories&post=1125"},{"taxonomy":"post_tag","embeddable":true,"href":"https:\/\/cofecon.org.br\/cofecon\/index.php?rest_route=%2Fwp%2Fv2%2Ftags&post=1125"}],"curies":[{"name":"wp","href":"https:\/\/api.w.org\/{rel}","templated":true}]}}