{"id":11246,"date":"2020-05-27T10:23:57","date_gmt":"2020-05-27T13:23:57","guid":{"rendered":"https:\/\/www.cofecon.org.br\/?p=11246"},"modified":"2020-05-27T10:23:57","modified_gmt":"2020-05-27T13:23:57","slug":"em-live-do-corecon-rs-economistas-discutem-mercado-de-trabalho","status":"publish","type":"post","link":"https:\/\/cofecon.org.br\/cofecon\/?p=11246","title":{"rendered":"Em live do Corecon-RS, economistas discutem mercado de trabalho"},"content":{"rendered":"\n<p><img loading=\"lazy\" decoding=\"async\" class=\"wp-image-11247 size-medium alignleft\" src=\"https:\/\/www.cofecon.org.br\/wp-content\/uploads\/2020\/05\/coreconrs-1-300x300.png\" alt=\"\" width=\"300\" height=\"300\" srcset=\"https:\/\/cofecon.org.br\/cofecon\/wp-content\/uploads\/2020\/05\/coreconrs-1-300x300.png 300w, https:\/\/cofecon.org.br\/cofecon\/wp-content\/uploads\/2020\/05\/coreconrs-1-150x150.png 150w, https:\/\/cofecon.org.br\/cofecon\/wp-content\/uploads\/2020\/05\/coreconrs-1-250x250.png 250w, https:\/\/cofecon.org.br\/cofecon\/wp-content\/uploads\/2020\/05\/coreconrs-1.png 500w\" sizes=\"(max-width: 300px) 100vw, 300px\" \/>O Conselho Regional de Economia do Rio Grande do Sul (Corecon-RS) realizar\u00e1 live nesta quarta-feira, 27 de maio, \u00e0s 19h, com os economistas e professores Gi\u00e1como Balbinotto Neto (UFRGS), H\u00e9lio Zylberstajn (USP) e Jos\u00e9 M\u00e1rcio Camargo (PUC-RJ). O tema em debate ser\u00e1 &#8220;Mercado de trabalho: de onde viemos, onde estamos, para onde vamos?&#8221;.<\/p>\n<p>A iniciativa faz parte do projeto &#8220;For\u00e7a-tarefa: economistas falam \u00e0 sociedade ga\u00facha&#8221;, promovido pelo Corecon-RS, e ser\u00e1 transmitida pelo Facebook, em www.facebook.com\/coreconrs\/<\/p>\n<p>Gi\u00e1como Balbinotto Neto<br \/>Possui gradua\u00e7\u00e3o em Ci\u00eancias Econ\u00f4micas pela Universidade Federal do Rio Grande do Sul, mestrado em Economia pelo Instituto de Estudos e Pesquisas Econ\u00f4micas e doutorado em Economia pela Universidade de S\u00e3o Paulo. Atualmente \u00e9 Professor Associado IV da Universidade Federal do Rio Grande do Sul e pesquisador do IATS\/UFRGS. Professor de Economia da Sa\u00fade do PPGE\/UFRGS e Pesquisador do Instituto de Avalia\u00e7\u00e3o de Tecnologias em Sa\u00fade da UFRGS (IATS\/UFRGS). Orientador de Doutorado e mestrado. Suas linhas de pesquisa s\u00e3o Economia da Sa\u00fade, Avalia\u00e7\u00e3o de Tecnologia em Sa\u00fade, Economia dos transplantes e Farmacoeconomia.<\/p>\n<p>H\u00e9lio Zylberstajn<br \/>Possui Licenciatura em F\u00edsica pela Universidade de S\u00e3o Paulo (1969), e \u00e9 Bacharel em Economia pela Universidade de S\u00e3o Paulo. \u00c9 Doutor em Rela\u00e7\u00f5es Industriais pela University of Wisconsin (Madison), professor S\u00eanior da Faculdade de Economia, Administra\u00e7\u00e3o e Contabilidade da Universidade de S\u00e3o Paulo (FEA\/USP), consultor da OIT, do Banco Mundial e do BID. \u00c9 membro do Conselho Superior de Estudos Estrat\u00e9gicos (Consea) e do Conselho Superior de Rela\u00e7\u00f5es de Trabalho, ambos da Federa\u00e7\u00e3o das Ind\u00fastrias do Estado de S\u00e3o Paulo. \u00c9 membro do Conselho de Orienta\u00e7\u00e3o Econ\u00f4mica (COE), da Associa\u00e7\u00e3o Comercial de S\u00e3o Paulo. \u00c9 membro do Conselho Gestor da Secretaria Municipal de Trabalho e Empreendedorismo de S\u00e3o Paulo. Foi fundador e presidente do Associa\u00e7\u00e3o Instituto Brasileiro de Rela\u00e7\u00f5es de Emprego e Trabalho (IBRET) e da Associa\u00e7\u00e3o Brasileira de Estudos do Trabalho (ABET). \u00c9 membro do Conselho Gestor da Secretaria Municipal de Trabalho e Empreendedorismo de S\u00e3o Paulo.<\/p>\n<p>Jos\u00e9 M\u00e1rcio Camargo<br \/>Possui gradua\u00e7\u00e3o em Economia pela Universidade Federal de Minas Gerais e doutorado em Economia pela Massachusetts Institute Of Technology (MIT). Tem experi\u00eancia na \u00e1rea de Economia, com \u00eanfase em Economia dos Recursos Humanos. Economista-Chefe na Genial Investimentos e professor titular do Departamento de Economia da PUC-RJ. Foi s\u00f3cio fundador da Tend\u00eancias Consultoria e j\u00e1 atuou como consultor do BNDES, da OIT, Banco Mundial e do Banco Interamericano de Desenvolvimento. Tem diversos livros e artigos publicados em revistas especializadas nas \u00e1reas de sal\u00e1rio, emprego, infla\u00e7\u00e3o e crescimento econ\u00f4mico.<\/p>\n","protected":false},"excerpt":{"rendered":"","protected":false},"author":1,"featured_media":11248,"comment_status":"closed","ping_status":"closed","sticky":false,"template":"","format":"standard","meta":{"footnotes":""},"categories":[4,2],"tags":[],"class_list":["post-11246","post","type-post","status-publish","format-standard","has-post-thumbnail","hentry","category-corecons-em-movimento","category-noticias"],"_links":{"self":[{"href":"https:\/\/cofecon.org.br\/cofecon\/index.php?rest_route=\/wp\/v2\/posts\/11246"}],"collection":[{"href":"https:\/\/cofecon.org.br\/cofecon\/index.php?rest_route=\/wp\/v2\/posts"}],"about":[{"href":"https:\/\/cofecon.org.br\/cofecon\/index.php?rest_route=\/wp\/v2\/types\/post"}],"author":[{"embeddable":true,"href":"https:\/\/cofecon.org.br\/cofecon\/index.php?rest_route=\/wp\/v2\/users\/1"}],"replies":[{"embeddable":true,"href":"https:\/\/cofecon.org.br\/cofecon\/index.php?rest_route=%2Fwp%2Fv2%2Fcomments&post=11246"}],"version-history":[{"count":0,"href":"https:\/\/cofecon.org.br\/cofecon\/index.php?rest_route=\/wp\/v2\/posts\/11246\/revisions"}],"wp:featuredmedia":[{"embeddable":true,"href":"https:\/\/cofecon.org.br\/cofecon\/index.php?rest_route=\/wp\/v2\/media\/11248"}],"wp:attachment":[{"href":"https:\/\/cofecon.org.br\/cofecon\/index.php?rest_route=%2Fwp%2Fv2%2Fmedia&parent=11246"}],"wp:term":[{"taxonomy":"category","embeddable":true,"href":"https:\/\/cofecon.org.br\/cofecon\/index.php?rest_route=%2Fwp%2Fv2%2Fcategories&post=11246"},{"taxonomy":"post_tag","embeddable":true,"href":"https:\/\/cofecon.org.br\/cofecon\/index.php?rest_route=%2Fwp%2Fv2%2Ftags&post=11246"}],"curies":[{"name":"wp","href":"https:\/\/api.w.org\/{rel}","templated":true}]}}