{"id":1121,"date":"2016-06-02T18:17:07","date_gmt":"2016-06-02T21:17:07","guid":{"rendered":"http:\/\/www.cofecon.org.br\/?p=1121"},"modified":"2016-06-02T18:17:07","modified_gmt":"2016-06-02T21:17:07","slug":"presidente-do-cofecon-recebeu-visita-do-deputado-federal-angelim","status":"publish","type":"post","link":"https:\/\/cofecon.org.br\/cofecon\/?p=1121","title":{"rendered":"Presidente do Cofecon recebeu visita do deputado federal Angelim"},"content":{"rendered":"<p style=\"text-align: justify;\"><img loading=\"lazy\" decoding=\"async\" class=\"size-medium wp-image-1122 alignleft\" src=\"http:\/\/www.cofecon.org.br\/wp-content\/uploads\/2017\/06\/59-300x171.jpg\" alt=\"\" width=\"300\" height=\"171\" srcset=\"https:\/\/cofecon.org.br\/cofecon\/wp-content\/uploads\/2017\/06\/59-300x171.jpg 300w, https:\/\/cofecon.org.br\/cofecon\/wp-content\/uploads\/2017\/06\/59.jpg 679w\" sizes=\"(max-width: 300px) 100vw, 300px\" \/>O presidente do Conselho Federal de Economia (Cofecon), J\u00falio Miragaya, se reuniu nesta quinta-feira, 2 de junho, com o economista e deputado federal Angelim (PT-AC). O parlamentar \u00e9 presidente da Frente Parlamentar Mista em Defesa da Economia Solid\u00e1ria e da Economia Criativa (Fesec) e busca aproxima\u00e7\u00e3o com o Cofecon tendo em vista o Grupo de Trabalho Responsabiliza\u00e7\u00e3o Social e a import\u00e2ncia que a autarquia atribui a esse ramo de atua\u00e7\u00e3o. Tamb\u00e9m participou da reuni\u00e3o o economista e assessor do deputado Angelim, Fl\u00e1vio Schuch.<\/p>\n<p style=\"text-align: justify;\">\u201cA cria\u00e7\u00e3o do GT Responsabiliza\u00e7\u00e3o Social, que inclui tamb\u00e9m a \u00e1rea de economia criativa, vai ao encontro dos esfor\u00e7os da Frente Parlamentar de dar mais visibilidade e amplitude a essas \u00e1reas de atua\u00e7\u00e3o. \u00c9 mat\u00e9ria de especial interesse dos economistas porque certamente representa uma nova \u00e1rea de trabalho para a categoria\u201d, destacou o presidente do Cofecon.<\/p>\n<p style=\"text-align: justify;\">A atividade de economia solid\u00e1ria foi regulamentada entre as inerentes \u00e0 profiss\u00e3o de economista pela Resolu\u00e7\u00e3o n\u00ba 1.933 de 1\u00ba de junho de 2015. J\u00e1 a economia criativa inclu\u00edda pela Resolu\u00e7\u00e3o n\u00ba 1.936 de 3 de agosto de 2015.<\/p>\n","protected":false},"excerpt":{"rendered":"<p>O presidente do Conselho Federal de Economia (Cofecon), J\u00falio Miragaya, se reuniu nesta quinta-feira, 2 de junho, com o economista e deputado federal Angelim (PT-AC). O parlamentar \u00e9 presidente da Frente Parlamentar Mista em Defesa da Economia Solid\u00e1ria e da<\/p>\n<p><a class=\"more-link\" href=\"https:\/\/cofecon.org.br\/cofecon\/?p=1121\">Leia Mais<\/a><\/p>\n","protected":false},"author":1,"featured_media":0,"comment_status":"open","ping_status":"open","sticky":false,"template":"","format":"standard","meta":{"footnotes":""},"categories":[2],"tags":[],"class_list":["post-1121","post","type-post","status-publish","format-standard","hentry","category-noticias"],"_links":{"self":[{"href":"https:\/\/cofecon.org.br\/cofecon\/index.php?rest_route=\/wp\/v2\/posts\/1121"}],"collection":[{"href":"https:\/\/cofecon.org.br\/cofecon\/index.php?rest_route=\/wp\/v2\/posts"}],"about":[{"href":"https:\/\/cofecon.org.br\/cofecon\/index.php?rest_route=\/wp\/v2\/types\/post"}],"author":[{"embeddable":true,"href":"https:\/\/cofecon.org.br\/cofecon\/index.php?rest_route=\/wp\/v2\/users\/1"}],"replies":[{"embeddable":true,"href":"https:\/\/cofecon.org.br\/cofecon\/index.php?rest_route=%2Fwp%2Fv2%2Fcomments&post=1121"}],"version-history":[{"count":0,"href":"https:\/\/cofecon.org.br\/cofecon\/index.php?rest_route=\/wp\/v2\/posts\/1121\/revisions"}],"wp:attachment":[{"href":"https:\/\/cofecon.org.br\/cofecon\/index.php?rest_route=%2Fwp%2Fv2%2Fmedia&parent=1121"}],"wp:term":[{"taxonomy":"category","embeddable":true,"href":"https:\/\/cofecon.org.br\/cofecon\/index.php?rest_route=%2Fwp%2Fv2%2Fcategories&post=1121"},{"taxonomy":"post_tag","embeddable":true,"href":"https:\/\/cofecon.org.br\/cofecon\/index.php?rest_route=%2Fwp%2Fv2%2Ftags&post=1121"}],"curies":[{"name":"wp","href":"https:\/\/api.w.org\/{rel}","templated":true}]}}