{"id":11196,"date":"2020-05-21T20:36:51","date_gmt":"2020-05-21T23:36:51","guid":{"rendered":"https:\/\/www.cofecon.org.br\/?p=11196"},"modified":"2020-05-21T20:36:51","modified_gmt":"2020-05-21T23:36:51","slug":"presidente-participa-de-live-da-tv-ggn-para-comentar-conjuntura-economica-diante-da-pandemia-de-covid-19","status":"publish","type":"post","link":"https:\/\/cofecon.org.br\/cofecon\/?p=11196","title":{"rendered":"Presidente participa de live da TV GGN para comentar conjuntura econ\u00f4mica diante da pandemia de Covid-19"},"content":{"rendered":"\n<p><img loading=\"lazy\" decoding=\"async\" class=\"size-full wp-image-11198 alignleft\" src=\"https:\/\/www.cofecon.org.br\/wp-content\/uploads\/2020\/05\/lacerdaggn.jpg\" alt=\"\" width=\"350\" height=\"250\" srcset=\"https:\/\/cofecon.org.br\/cofecon\/wp-content\/uploads\/2020\/05\/lacerdaggn.jpg 350w, https:\/\/cofecon.org.br\/cofecon\/wp-content\/uploads\/2020\/05\/lacerdaggn-300x214.jpg 300w\" sizes=\"(max-width: 350px) 100vw, 350px\" \/>O presidente do Cofecon, Antonio Corr\u00eaa de Lacerda, participou de live no canal TV GGN, no Youtube, nesta quinta-feira, 21 de maio, para comentar os impactos econ\u00f4micos da pandemia de Covid-19 e a conjuntura econ\u00f4mica. O programa \u00e9 apresentado pelo jornalista Luis Nassif.\u00a0<\/p>\n<p>Durante o bate-papo, o presidente do Cofecon comentou que criou-se um mito no Brasil sobre a austeridade, em que seria poss\u00edvel considerar o or\u00e7amento p\u00fablico igual ao dom\u00e9stico. &#8220;O Estado, ao contr\u00e1rio de uma fam\u00edlia, det\u00e9m o monop\u00f3lio de emiss\u00e3o monet\u00e1ria e emiss\u00e3o de d\u00edvida. Portanto, h\u00e1 momentos em que o Estado precisa agir garantindo a renda da popula\u00e7\u00e3o e oferta de cr\u00e9dito em boas condi\u00e7\u00f5es para micro e pequenas empresas, por exemplo. O Estado precisa cumprir essa fun\u00e7\u00e3o, ainda mais dentro de uma crise como estamos vivendo&#8221;, opinou o presidente do Cofecon.<\/p>\n<p>Lacerda disse que a crise atual \u00e9 diferente das outras porque tem car\u00e1ter internacional e decorre de uma pandemia, h\u00e1 impactos econ\u00f4micos e, no Brasil, tamb\u00e9m h\u00e1 impactos pol\u00edticos, considerando que, em sua vis\u00e3o, h\u00e1 uma descoordena\u00e7\u00e3o absurda. &#8220;As medidas econ\u00f4micas demoram a chegar, poderiam ser melhor planejadas e conduzidas&#8221;, destacou.<\/p>\n<p>Confira, abaixo, o programa TV GGN.<\/p>\n<p><iframe loading=\"lazy\" title=\"21.05.2020 | TV GGN 20h: O Brasil se torna o epicentro do coronavirus mundial\" width=\"500\" height=\"281\" src=\"https:\/\/www.youtube.com\/embed\/_qNp3HM6Umk?feature=oembed\" frameborder=\"0\" allow=\"accelerometer; autoplay; clipboard-write; encrypted-media; gyroscope; picture-in-picture; web-share\" referrerpolicy=\"strict-origin-when-cross-origin\" allowfullscreen><\/iframe><\/p>\n<p>\u00a0<\/p>\n<p>\u00a0<\/p>\n<p>\u00a0<\/p>\n<p>\u00a0<\/p>\n<p>\u00a0<\/p>\n","protected":false},"excerpt":{"rendered":"","protected":false},"author":1,"featured_media":11198,"comment_status":"closed","ping_status":"closed","sticky":false,"template":"","format":"standard","meta":{"footnotes":""},"categories":[47,7,2],"tags":[],"class_list":["post-11196","post","type-post","status-publish","format-standard","has-post-thumbnail","hentry","category-acoes-da-presidencia-wellington","category-cofecon-na-midia","category-noticias"],"_links":{"self":[{"href":"https:\/\/cofecon.org.br\/cofecon\/index.php?rest_route=\/wp\/v2\/posts\/11196"}],"collection":[{"href":"https:\/\/cofecon.org.br\/cofecon\/index.php?rest_route=\/wp\/v2\/posts"}],"about":[{"href":"https:\/\/cofecon.org.br\/cofecon\/index.php?rest_route=\/wp\/v2\/types\/post"}],"author":[{"embeddable":true,"href":"https:\/\/cofecon.org.br\/cofecon\/index.php?rest_route=\/wp\/v2\/users\/1"}],"replies":[{"embeddable":true,"href":"https:\/\/cofecon.org.br\/cofecon\/index.php?rest_route=%2Fwp%2Fv2%2Fcomments&post=11196"}],"version-history":[{"count":0,"href":"https:\/\/cofecon.org.br\/cofecon\/index.php?rest_route=\/wp\/v2\/posts\/11196\/revisions"}],"wp:featuredmedia":[{"embeddable":true,"href":"https:\/\/cofecon.org.br\/cofecon\/index.php?rest_route=\/wp\/v2\/media\/11198"}],"wp:attachment":[{"href":"https:\/\/cofecon.org.br\/cofecon\/index.php?rest_route=%2Fwp%2Fv2%2Fmedia&parent=11196"}],"wp:term":[{"taxonomy":"category","embeddable":true,"href":"https:\/\/cofecon.org.br\/cofecon\/index.php?rest_route=%2Fwp%2Fv2%2Fcategories&post=11196"},{"taxonomy":"post_tag","embeddable":true,"href":"https:\/\/cofecon.org.br\/cofecon\/index.php?rest_route=%2Fwp%2Fv2%2Ftags&post=11196"}],"curies":[{"name":"wp","href":"https:\/\/api.w.org\/{rel}","templated":true}]}}