{"id":1116,"date":"2016-05-30T18:13:08","date_gmt":"2016-05-30T21:13:08","guid":{"rendered":"http:\/\/www.cofecon.org.br\/?p=1116"},"modified":"2016-05-30T18:13:08","modified_gmt":"2016-05-30T21:13:08","slug":"cofecon-consegue-retificacao-do-edital-de-concurso-do-tcepa","status":"publish","type":"post","link":"https:\/\/cofecon.org.br\/cofecon\/?p=1116","title":{"rendered":"Cofecon consegue retifica\u00e7\u00e3o do edital de concurso do TCE\/PA"},"content":{"rendered":"<p style=\"text-align: justify;\"><img loading=\"lazy\" decoding=\"async\" class=\"size-medium wp-image-854 alignleft\" src=\"http:\/\/www.cofecon.org.br\/wp-content\/uploads\/2017\/06\/16-300x171.png\" alt=\"\" width=\"300\" height=\"171\" srcset=\"https:\/\/cofecon.org.br\/cofecon\/wp-content\/uploads\/2017\/06\/16-300x171.png 300w, https:\/\/cofecon.org.br\/cofecon\/wp-content\/uploads\/2017\/06\/16.png 679w\" sizes=\"(max-width: 300px) 100vw, 300px\" \/>O Conselho Federal de Economia (Cofecon) conseguiu a retifica\u00e7\u00e3o do Edital n\u00ba 1 do Tribunal de Contas do Estado do Par\u00e1 (TCE-PA), referente ao concurso p\u00fablico para provimento de vagas e forma\u00e7\u00e3o de reserva em cargos de n\u00edvel Superior e M\u00e9dio. A autarquia solicitou a altera\u00e7\u00e3o do edital para prever como requisito o registro profissional nos Conselhos Regionais de Economia (Corecons) para cargos privativos dos economistas.<\/p>\n<p style=\"text-align: justify;\">O Cofecon alegou que \u201co dever jur\u00eddico de fiscalizar do Conselho trata essencialmente de uma garantia para a sociedade, qual seja a de que apenas profissionais habilitados e sujeitos \u00e0 disciplina \u00e9tica e t\u00e9cnica da organiza\u00e7\u00e3o profissional tenham a possibilidade de desempenhar as tarefas que, segundo a lei, demandam tanto essa habilita\u00e7\u00e3o quanto essa disciplina, e sem as quais estariam sob risco a vida, a sa\u00fade e o patrim\u00f4nio da popula\u00e7\u00e3o\u201d.<\/p>\n<p style=\"text-align: justify;\">Al\u00e9m disso, o Cofecon argumentou que, atendendo a requisitos estabelecidos em lei, a investidura em emprego ou cargo p\u00fablico deve ocorrer por aprova\u00e7\u00e3o em concurso p\u00fablico, mas n\u00e3o se pode esquecer a observ\u00e2ncia \u00e0 natureza e complexidade do cargo. O profissional aprovado estar devidamente apto para exercer as fun\u00e7\u00f5es que lhe ser\u00e3o atribu\u00eddas e possuir o competente registro profissional quando envolver profiss\u00e3o regulamentada.<\/p>\n","protected":false},"excerpt":{"rendered":"<p>O Conselho Federal de Economia (Cofecon) conseguiu a retifica\u00e7\u00e3o do Edital n\u00ba 1 do Tribunal de Contas do Estado do Par\u00e1 (TCE-PA), referente ao concurso p\u00fablico para provimento de vagas e forma\u00e7\u00e3o de reserva em cargos de n\u00edvel Superior e<\/p>\n<p><a class=\"more-link\" href=\"https:\/\/cofecon.org.br\/cofecon\/?p=1116\">Leia Mais<\/a><\/p>\n","protected":false},"author":1,"featured_media":0,"comment_status":"open","ping_status":"open","sticky":false,"template":"","format":"standard","meta":{"footnotes":""},"categories":[2],"tags":[],"class_list":["post-1116","post","type-post","status-publish","format-standard","hentry","category-noticias"],"_links":{"self":[{"href":"https:\/\/cofecon.org.br\/cofecon\/index.php?rest_route=\/wp\/v2\/posts\/1116"}],"collection":[{"href":"https:\/\/cofecon.org.br\/cofecon\/index.php?rest_route=\/wp\/v2\/posts"}],"about":[{"href":"https:\/\/cofecon.org.br\/cofecon\/index.php?rest_route=\/wp\/v2\/types\/post"}],"author":[{"embeddable":true,"href":"https:\/\/cofecon.org.br\/cofecon\/index.php?rest_route=\/wp\/v2\/users\/1"}],"replies":[{"embeddable":true,"href":"https:\/\/cofecon.org.br\/cofecon\/index.php?rest_route=%2Fwp%2Fv2%2Fcomments&post=1116"}],"version-history":[{"count":0,"href":"https:\/\/cofecon.org.br\/cofecon\/index.php?rest_route=\/wp\/v2\/posts\/1116\/revisions"}],"wp:attachment":[{"href":"https:\/\/cofecon.org.br\/cofecon\/index.php?rest_route=%2Fwp%2Fv2%2Fmedia&parent=1116"}],"wp:term":[{"taxonomy":"category","embeddable":true,"href":"https:\/\/cofecon.org.br\/cofecon\/index.php?rest_route=%2Fwp%2Fv2%2Fcategories&post=1116"},{"taxonomy":"post_tag","embeddable":true,"href":"https:\/\/cofecon.org.br\/cofecon\/index.php?rest_route=%2Fwp%2Fv2%2Ftags&post=1116"}],"curies":[{"name":"wp","href":"https:\/\/api.w.org\/{rel}","templated":true}]}}