{"id":11148,"date":"2020-05-18T14:53:54","date_gmt":"2020-05-18T17:53:54","guid":{"rendered":"https:\/\/www.cofecon.org.br\/?p=11148"},"modified":"2020-05-18T14:53:54","modified_gmt":"2020-05-18T17:53:54","slug":"cofecon-realizara-live-nesta-quinta-feira-sobre-medidas-economicas-para-empresarios-durante-a-pandemia-de-covid-19","status":"publish","type":"post","link":"https:\/\/cofecon.org.br\/cofecon\/?p=11148","title":{"rendered":"Cofecon realizar\u00e1 live nesta quinta-feira sobre medidas econ\u00f4micas para empres\u00e1rios durante a pandemia de Covid-19"},"content":{"rendered":"\n<p><img loading=\"lazy\" decoding=\"async\" class=\"wp-image-11153 size-medium alignleft\" src=\"https:\/\/www.cofecon.org.br\/wp-content\/uploads\/2020\/05\/live-eduardo-reis-e-mano-300x300.jpg\" alt=\"\" width=\"300\" height=\"300\" srcset=\"https:\/\/cofecon.org.br\/cofecon\/wp-content\/uploads\/2020\/05\/live-eduardo-reis-e-mano-300x300.jpg 300w, https:\/\/cofecon.org.br\/cofecon\/wp-content\/uploads\/2020\/05\/live-eduardo-reis-e-mano-1024x1024.jpg 1024w, https:\/\/cofecon.org.br\/cofecon\/wp-content\/uploads\/2020\/05\/live-eduardo-reis-e-mano-150x150.jpg 150w, https:\/\/cofecon.org.br\/cofecon\/wp-content\/uploads\/2020\/05\/live-eduardo-reis-e-mano-768x768.jpg 768w, https:\/\/cofecon.org.br\/cofecon\/wp-content\/uploads\/2020\/05\/live-eduardo-reis-e-mano-800x800.jpg 800w, https:\/\/cofecon.org.br\/cofecon\/wp-content\/uploads\/2020\/05\/live-eduardo-reis-e-mano-250x250.jpg 250w, https:\/\/cofecon.org.br\/cofecon\/wp-content\/uploads\/2020\/05\/live-eduardo-reis-e-mano.jpg 1280w\" sizes=\"(max-width: 300px) 100vw, 300px\" \/>Medidas econ\u00f4micas para empres\u00e1rios durante a pandemia de Covid-19 \u00e9 o pr\u00f3ximo tema a ser discutido pelo Cofecon na s\u00e9rie de lives sobre mercado de trabalho. O bate-papo virtual ocorrer\u00e1 nesta quinta-feira, 21 de maio, \u00e0s 18h, com transmiss\u00e3o no canal do Cofecon no Youtube &#8211; <a href=\"https:\/\/www.youtube.com\/channel\/UCFe-Ax_n_mUJSx6Xng8y0WA\">clique aqui.<\/a><\/p>\n<p>A apresenta\u00e7\u00e3o ser\u00e1 feita pelo conselheiro federal Eduardo Reis Ara\u00fajo e a media\u00e7\u00e3o pelo jornalista Manoel Castanho, membro da equipe de Comunica\u00e7\u00e3o do Cofecon.<\/p>\n<p>Eduardo Reis Ara\u00fajo \u00e9 economista e mestre em Economia. \u00c9 Consultor do Tesouro Estadual do Esp\u00edrito Santo. Foi presidente do Conselho Regional de Economia do Esp\u00edrito Santo (Corecon-ES) e \u00e9 conselheiro do Cofecon. \u00c9 p\u00f3s-graduado em Gest\u00e3o P\u00fablica com m\u00f3dulo na Blavatinik School of Government em Oxford.<\/p>\n<p>\u00a0<\/p>\n<p>\u00a0<\/p>\n","protected":false},"excerpt":{"rendered":"","protected":false},"author":1,"featured_media":11154,"comment_status":"closed","ping_status":"closed","sticky":false,"template":"","format":"standard","meta":{"footnotes":""},"categories":[2],"tags":[],"class_list":["post-11148","post","type-post","status-publish","format-standard","has-post-thumbnail","hentry","category-noticias"],"_links":{"self":[{"href":"https:\/\/cofecon.org.br\/cofecon\/index.php?rest_route=\/wp\/v2\/posts\/11148"}],"collection":[{"href":"https:\/\/cofecon.org.br\/cofecon\/index.php?rest_route=\/wp\/v2\/posts"}],"about":[{"href":"https:\/\/cofecon.org.br\/cofecon\/index.php?rest_route=\/wp\/v2\/types\/post"}],"author":[{"embeddable":true,"href":"https:\/\/cofecon.org.br\/cofecon\/index.php?rest_route=\/wp\/v2\/users\/1"}],"replies":[{"embeddable":true,"href":"https:\/\/cofecon.org.br\/cofecon\/index.php?rest_route=%2Fwp%2Fv2%2Fcomments&post=11148"}],"version-history":[{"count":0,"href":"https:\/\/cofecon.org.br\/cofecon\/index.php?rest_route=\/wp\/v2\/posts\/11148\/revisions"}],"wp:featuredmedia":[{"embeddable":true,"href":"https:\/\/cofecon.org.br\/cofecon\/index.php?rest_route=\/wp\/v2\/media\/11154"}],"wp:attachment":[{"href":"https:\/\/cofecon.org.br\/cofecon\/index.php?rest_route=%2Fwp%2Fv2%2Fmedia&parent=11148"}],"wp:term":[{"taxonomy":"category","embeddable":true,"href":"https:\/\/cofecon.org.br\/cofecon\/index.php?rest_route=%2Fwp%2Fv2%2Fcategories&post=11148"},{"taxonomy":"post_tag","embeddable":true,"href":"https:\/\/cofecon.org.br\/cofecon\/index.php?rest_route=%2Fwp%2Fv2%2Ftags&post=11148"}],"curies":[{"name":"wp","href":"https:\/\/api.w.org\/{rel}","templated":true}]}}