{"id":1114,"date":"2016-05-27T18:10:46","date_gmt":"2016-05-27T21:10:46","guid":{"rendered":"http:\/\/www.cofecon.org.br\/?p=1114"},"modified":"2016-05-27T18:10:46","modified_gmt":"2016-05-27T21:10:46","slug":"cofecon-e-yunus-discutem-parceria-focada-em-negocios-sociais","status":"publish","type":"post","link":"https:\/\/cofecon.org.br\/cofecon\/?p=1114","title":{"rendered":"Cofecon e Yunus discutem parceria focada em neg\u00f3cios sociais"},"content":{"rendered":"<p style=\"text-align: justify;\"><span style=\"font-size: 10pt; line-height: 107%; font-family: 'Verdana',sans-serif;\"> <img loading=\"lazy\" decoding=\"async\" class=\"size-medium wp-image-894 alignleft\" src=\"http:\/\/www.cofecon.org.br\/wp-content\/uploads\/2017\/06\/21-300x171.jpg\" alt=\"\" width=\"300\" height=\"171\" srcset=\"https:\/\/cofecon.org.br\/cofecon\/wp-content\/uploads\/2017\/06\/21-300x171.jpg 300w, https:\/\/cofecon.org.br\/cofecon\/wp-content\/uploads\/2017\/06\/21.jpg 679w\" sizes=\"(max-width: 300px) 100vw, 300px\" \/>A conselheira federal Denise Kassama esteve em Bras\u00edlia nesta sexta-feira, 27 de maio, para discutir poss\u00edveis parcerias entre o Conselho Federal de Economia (Cofecon) e a Yunus Social Business Brasil. A organiza\u00e7\u00e3o \u00e9 representada em Bras\u00edlia por Vitor Belota, que participou da reuni\u00e3o, e tem como objetivo desenvolver neg\u00f3cios sociais no Pa\u00eds por meio de seu fundo de investimentos e aceleradora.<\/span><\/p>\n<p style=\"text-align: justify;\"><span style=\"font-size: 10pt; line-height: 107%; font-family: 'Verdana',sans-serif;\">Ambas as institui\u00e7\u00f5es est\u00e3o trabalhando em um Protocolo de Inten\u00e7\u00f5es para viabilizar projetos a serem desenvolvidos em conjunto. Entre eles est\u00e1 a contribui\u00e7\u00e3o da Yunus, por meio da expertise em neg\u00f3cios sociais, em a\u00e7\u00f5es voltadas aos economistas que mostrem o potencial da atua\u00e7\u00e3o nesta \u00e1rea. Outra possibilidade \u00e9 a oferta de descontos em cursos de educa\u00e7\u00e3o \u00e0 dist\u00e2ncia (EAD) ministrados pela Yunus.<\/span><\/p>\n<p style=\"text-align: justify;\"><span style=\"font-size: 10pt; line-height: 107%; font-family: 'Verdana',sans-serif;\">\u201cOs neg\u00f3cios sociais s\u00e3o uma tend\u00eancia global. Pretendemos estimular a participa\u00e7\u00e3o de economistas de todo o Pa\u00eds nesse nicho de mercado. O interessante \u00e9 que o profissional pode ser bem-sucedido profissionalmente e, ao mesmo tempo, contribuir para um futuro melhor e para a redu\u00e7\u00e3o da desigualdade social\u201d, recomenda a conselheira Denise Kassama.<\/span><\/p>\n<p style=\"text-align: justify;\"><span style=\"font-size: 10pt; line-height: 107%; font-family: 'Verdana',sans-serif;\">Neg\u00f3cios sociais<\/span><\/p>\n<p style=\"text-align: justify;\"><span style=\"font-size: 10pt; line-height: 107%; font-family: 'Verdana',sans-serif;\">A Yunus defende que neg\u00f3cios sociais s\u00e3o empresas que t\u00eam a \u00fanica miss\u00e3o de solucionar um problema social, s\u00e3o autossustent\u00e1veis financeiramente e n\u00e3o distribuem dividendos. \u201cComo uma ONG, tem uma miss\u00e3o social, mas como um neg\u00f3cio tradicional, geram receitas suficientes para cobrir seus custos. \u00c9 uma empresa na qual o investidor recupera seu investimento inicial mas o lucro gerado \u00e9 reinvestido na pr\u00f3pria empresa para amplia\u00e7\u00e3o do impacto social\u201d, afirma o site da organiza\u00e7\u00e3o fundada por Muhammad Yunus, ganhador do Pr\u00eamio Nobel da Paz em 2006. Ele \u00e9 considerado o pai do microcr\u00e9dito e dos neg\u00f3cios sociais.<br \/>\n <\/span><\/p>\n","protected":false},"excerpt":{"rendered":"<p>A conselheira federal Denise Kassama esteve em Bras\u00edlia nesta sexta-feira, 27 de maio, para discutir poss\u00edveis parcerias entre o Conselho Federal de Economia (Cofecon) e a Yunus Social Business Brasil. A organiza\u00e7\u00e3o \u00e9 representada em Bras\u00edlia por Vitor Belota, que<\/p>\n<p><a class=\"more-link\" href=\"https:\/\/cofecon.org.br\/cofecon\/?p=1114\">Leia Mais<\/a><\/p>\n","protected":false},"author":1,"featured_media":0,"comment_status":"open","ping_status":"open","sticky":false,"template":"","format":"standard","meta":{"footnotes":""},"categories":[2],"tags":[],"class_list":["post-1114","post","type-post","status-publish","format-standard","hentry","category-noticias"],"_links":{"self":[{"href":"https:\/\/cofecon.org.br\/cofecon\/index.php?rest_route=\/wp\/v2\/posts\/1114"}],"collection":[{"href":"https:\/\/cofecon.org.br\/cofecon\/index.php?rest_route=\/wp\/v2\/posts"}],"about":[{"href":"https:\/\/cofecon.org.br\/cofecon\/index.php?rest_route=\/wp\/v2\/types\/post"}],"author":[{"embeddable":true,"href":"https:\/\/cofecon.org.br\/cofecon\/index.php?rest_route=\/wp\/v2\/users\/1"}],"replies":[{"embeddable":true,"href":"https:\/\/cofecon.org.br\/cofecon\/index.php?rest_route=%2Fwp%2Fv2%2Fcomments&post=1114"}],"version-history":[{"count":0,"href":"https:\/\/cofecon.org.br\/cofecon\/index.php?rest_route=\/wp\/v2\/posts\/1114\/revisions"}],"wp:attachment":[{"href":"https:\/\/cofecon.org.br\/cofecon\/index.php?rest_route=%2Fwp%2Fv2%2Fmedia&parent=1114"}],"wp:term":[{"taxonomy":"category","embeddable":true,"href":"https:\/\/cofecon.org.br\/cofecon\/index.php?rest_route=%2Fwp%2Fv2%2Fcategories&post=1114"},{"taxonomy":"post_tag","embeddable":true,"href":"https:\/\/cofecon.org.br\/cofecon\/index.php?rest_route=%2Fwp%2Fv2%2Ftags&post=1114"}],"curies":[{"name":"wp","href":"https:\/\/api.w.org\/{rel}","templated":true}]}}