{"id":1107,"date":"2016-05-20T18:05:10","date_gmt":"2016-05-20T21:05:10","guid":{"rendered":"http:\/\/www.cofecon.org.br\/?p=1107"},"modified":"2016-05-20T18:05:10","modified_gmt":"2016-05-20T21:05:10","slug":"presidentes-e-conselheiros-do-sistema-cofeconcorecons-prestigiam-o-x-enam","status":"publish","type":"post","link":"https:\/\/cofecon.org.br\/cofecon\/?p=1107","title":{"rendered":"Presidentes e conselheiros do sistema Cofecon\/Corecons prestigiam o X ENAM"},"content":{"rendered":"<p style=\"text-align: justify;\"><img loading=\"lazy\" decoding=\"async\" class=\"size-medium wp-image-1108 alignleft\" src=\"http:\/\/www.cofecon.org.br\/wp-content\/uploads\/2017\/06\/58-300x171.jpg\" alt=\"\" width=\"300\" height=\"171\" srcset=\"https:\/\/cofecon.org.br\/cofecon\/wp-content\/uploads\/2017\/06\/58-300x171.jpg 300w, https:\/\/cofecon.org.br\/cofecon\/wp-content\/uploads\/2017\/06\/58.jpg 679w\" sizes=\"(max-width: 300px) 100vw, 300px\" \/>O presidente do Conselho Federal de Economia (Cofecon), J\u00falio Miragaya, e conselheiros federais da autarquia prestigiaram o X Encontro das Entidades de Economistas da Amaz\u00f4nia Legal, realizado de 19 a 21 de maio em Manaus. O evento, promovido pelo Conselho Regional de Economia de Amazonas (Corecon-AM), \u00e9 gratuito e voltado a economistas e estudantes da regi\u00e3o Norte. Os participantes receber\u00e3o, ao final, certificado de 20 horas complementares.<\/p>\n<p style=\"text-align: justify;\">Miragaya esteve na abertura do evento e participar\u00e1 como debatedor, nesta sexta-feira, do painel \u201cQuest\u00f5es Fronteiri\u00e7as e o Desenvolvimento da Amaz\u00f4nia\u201d. A conselheira Celina Ramalho foi palestrante do painel \u201cO contexto da crise e seus reflexos nas economias amaz\u00f4nicas\u201d, que teve como moderadora a conselheira Denise Kassama Franco do Amaral, e o conselheiro Eduardo Jos\u00e9 Monteiro da Costa participa como debatedor do painel \u201cOs desafios para o desenvolvimento e integra\u00e7\u00e3o das economias estaduais\u201d.<\/p>\n<p style=\"text-align: justify;\">Na manh\u00e3 de s\u00e1bado, \u00e0s 9h, o conselheiro Luiz Alberto Machado ser\u00e1 o palestrante do painel \u201cA forma\u00e7\u00e3o dos economistas para aproveitar as oportunidades no cen\u00e1rio de crise econ\u00f4mica: curr\u00edculo e mercado de trabalho\u201d, que ter\u00e1 como debatedores os coordenadores dos cursos de Ci\u00eancias Econ\u00f4micas em Manaus.<\/p>\n<p style=\"text-align: justify;\">Ao final do evento, Bel\u00e9m foi escolhida como a sede do XI ENAM, por meio de vota\u00e7\u00e3o com todos os presentes. O evento ser\u00e1 organizado pelo Corecon-PA\/AP, que tem como presidente o economista N\u00e9lio Bordalo Filho.<\/p>\n<p style=\"text-align: justify;\"><strong>Agenda do presidente<\/strong><\/p>\n<p style=\"text-align: justify;\">O presidente do Cofecon aproveitou a ida a Manaus para se reunir com presidentes dos Conselhos Regionais de Economia da regi\u00e3o Norte para tratar de despachos executivos. O encontro ocorreu em Manaus, na Federa\u00e7\u00e3o das Ind\u00fastrias do Estado do Amazonas (FIEM). O destaque da pauta foi a Campanha Nacional pela redu\u00e7\u00e3o da desigualdade social no Brasil, proposta constante no programa do Cofecon e apresentada na 670\u00aa Sess\u00e3o Plen\u00e1ria.<\/p>\n<p style=\"text-align: justify;\">Nesta sexta-feira, 20, J\u00falio Miragaya compareceu \u00e0 Sess\u00e3o Plen\u00e1ria do Corecon-AM, onde foi destacado o programa de trabalho do Cofecon e a necessidade de atua\u00e7\u00e3o mais forte da autarquia nas institui\u00e7\u00f5es que aceitam projetos de viabilidade econ\u00f4mica sem a participa\u00e7\u00e3o de economistas. \u00c0 noite o presidente do Cofecon participar\u00e1 da solenidade de entrega de diplomas ao Industrial do Ano de 2016, Microindustrial do Ano de 2016 e Empresa Exportadora do Ano de 2015, cerim\u00f4nia a ser realizada na Federa\u00e7\u00e3o das Ind\u00fastrias do Estado do Amazonas (FIEAM).<\/p>\n<p>&nbsp;<\/p>\n","protected":false},"excerpt":{"rendered":"<p>O presidente do Conselho Federal de Economia (Cofecon), J\u00falio Miragaya, e conselheiros federais da autarquia prestigiaram o X Encontro das Entidades de Economistas da Amaz\u00f4nia Legal, realizado de 19 a 21 de maio em Manaus. O evento, promovido pelo Conselho<\/p>\n<p><a class=\"more-link\" href=\"https:\/\/cofecon.org.br\/cofecon\/?p=1107\">Leia Mais<\/a><\/p>\n","protected":false},"author":1,"featured_media":0,"comment_status":"open","ping_status":"open","sticky":false,"template":"","format":"standard","meta":{"footnotes":""},"categories":[2],"tags":[],"class_list":["post-1107","post","type-post","status-publish","format-standard","hentry","category-noticias"],"_links":{"self":[{"href":"https:\/\/cofecon.org.br\/cofecon\/index.php?rest_route=\/wp\/v2\/posts\/1107"}],"collection":[{"href":"https:\/\/cofecon.org.br\/cofecon\/index.php?rest_route=\/wp\/v2\/posts"}],"about":[{"href":"https:\/\/cofecon.org.br\/cofecon\/index.php?rest_route=\/wp\/v2\/types\/post"}],"author":[{"embeddable":true,"href":"https:\/\/cofecon.org.br\/cofecon\/index.php?rest_route=\/wp\/v2\/users\/1"}],"replies":[{"embeddable":true,"href":"https:\/\/cofecon.org.br\/cofecon\/index.php?rest_route=%2Fwp%2Fv2%2Fcomments&post=1107"}],"version-history":[{"count":0,"href":"https:\/\/cofecon.org.br\/cofecon\/index.php?rest_route=\/wp\/v2\/posts\/1107\/revisions"}],"wp:attachment":[{"href":"https:\/\/cofecon.org.br\/cofecon\/index.php?rest_route=%2Fwp%2Fv2%2Fmedia&parent=1107"}],"wp:term":[{"taxonomy":"category","embeddable":true,"href":"https:\/\/cofecon.org.br\/cofecon\/index.php?rest_route=%2Fwp%2Fv2%2Fcategories&post=1107"},{"taxonomy":"post_tag","embeddable":true,"href":"https:\/\/cofecon.org.br\/cofecon\/index.php?rest_route=%2Fwp%2Fv2%2Ftags&post=1107"}],"curies":[{"name":"wp","href":"https:\/\/api.w.org\/{rel}","templated":true}]}}