{"id":1104,"date":"2016-05-20T18:03:08","date_gmt":"2016-05-20T21:03:08","guid":{"rendered":"http:\/\/www.cofecon.org.br\/?p=1104"},"modified":"2016-05-20T18:03:08","modified_gmt":"2016-05-20T21:03:08","slug":"corecon-rn-participa-de-mostra-de-profissoes-em-universidade","status":"publish","type":"post","link":"https:\/\/cofecon.org.br\/cofecon\/?p=1104","title":{"rendered":"Corecon-RN participa de Mostra de Profiss\u00f5es em Universidade"},"content":{"rendered":"<p style=\"text-align: justify;\"><img loading=\"lazy\" decoding=\"async\" class=\"size-medium wp-image-1105 alignleft\" src=\"http:\/\/www.cofecon.org.br\/wp-content\/uploads\/2017\/06\/57-300x171.jpg\" alt=\"\" width=\"300\" height=\"171\" srcset=\"https:\/\/cofecon.org.br\/cofecon\/wp-content\/uploads\/2017\/06\/57-300x171.jpg 300w, https:\/\/cofecon.org.br\/cofecon\/wp-content\/uploads\/2017\/06\/57.jpg 679w\" sizes=\"(max-width: 300px) 100vw, 300px\" \/>O Conselho Regional de Economia do Rio Grande do Norte (Corecon-RN) participou da Mostra de Profiss\u00f5es realizada pela Universidade Federal do Rio Grande do Norte (UFRN) de 18 a 20 de maio, em Natal. Conselheiros ministraram palestras para estudantes do Ensino M\u00e9dio, apresentando informa\u00e7\u00f5es sobre a profiss\u00e3o de economista.<\/p>\n<p style=\"text-align: justify;\">\u201c\u00c9 uma oportunidade para que os estudantes conhe\u00e7am o ambiente acad\u00eamico e quais aptid\u00f5es um economista deve ter, as principais oportunidades de trabalho e todos os segmentos em que podem atuar\u201d, destacou o presidente do Corecon-RN, Ricardo Val\u00e9rio Costa Menezes. Al\u00e9m dos conselheiros regionais, foram convidados economistas com atua\u00e7\u00f5es nas esferas p\u00fablica e privada para que relatassem a experi\u00eancia no mercado de trabalho e motivassem os estudantes na escolha pela profiss\u00e3o.<\/p>\n<p style=\"text-align: justify;\">Durante os tr\u00eas encontros, que reuniram cerca de 100 estudantes por dia, foram distribu\u00eddos materiais institucionais e exibidos os v\u00eddeos da campanha \u201cVamos falar de amor?\u201d, com abordagem voltada aos alunos de Ensino M\u00e9dio. Todos os presentes assinaram uma lista de presen\u00e7a que, segundo o presidente do Corecon-RN, ser\u00e1 importante para mensurar o impacto da palestra. \u201cCom o nome completo de todos os alunos, podemos checar quantos deles se inscreveram no vestibular para Ci\u00eancias Econ\u00f4micas e, assim, saberemos o quanto nossas palestras foram efetivas\u201d, explicou Ricardo Val\u00e9rio.<\/p>\n<p style=\"text-align: justify;\">O economista acrescenta que o Conselho Regional tem valorizado a aproxima\u00e7\u00e3o com universidades do estado, tanto p\u00fablicas quanto privadas. \u201cReservamos um espa\u00e7o em nosso site e no jornal impresso para que os estudantes de Economia abaste\u00e7am com informa\u00e7\u00f5es referentes \u00e0 universidade e \u00e0 pr\u00f3pria profiss\u00e3o, como por exemplo vagas de est\u00e1gio, cursos que julguem interessantes e participa\u00e7\u00e3o na Gincana. Outra iniciativa \u00e9 a disponibiliza\u00e7\u00e3o de nossas salas \u00e0s empresas j\u00fanior e centros acad\u00eamicos como mais um espa\u00e7o para realizarem reuni\u00f5es\u201d.<\/p>\n","protected":false},"excerpt":{"rendered":"<p>O Conselho Regional de Economia do Rio Grande do Norte (Corecon-RN) participou da Mostra de Profiss\u00f5es realizada pela Universidade Federal do Rio Grande do Norte (UFRN) de 18 a 20 de maio, em Natal. Conselheiros ministraram palestras para estudantes do<\/p>\n<p><a class=\"more-link\" href=\"https:\/\/cofecon.org.br\/cofecon\/?p=1104\">Leia Mais<\/a><\/p>\n","protected":false},"author":1,"featured_media":0,"comment_status":"open","ping_status":"open","sticky":false,"template":"","format":"standard","meta":{"footnotes":""},"categories":[2],"tags":[],"class_list":["post-1104","post","type-post","status-publish","format-standard","hentry","category-noticias"],"_links":{"self":[{"href":"https:\/\/cofecon.org.br\/cofecon\/index.php?rest_route=\/wp\/v2\/posts\/1104"}],"collection":[{"href":"https:\/\/cofecon.org.br\/cofecon\/index.php?rest_route=\/wp\/v2\/posts"}],"about":[{"href":"https:\/\/cofecon.org.br\/cofecon\/index.php?rest_route=\/wp\/v2\/types\/post"}],"author":[{"embeddable":true,"href":"https:\/\/cofecon.org.br\/cofecon\/index.php?rest_route=\/wp\/v2\/users\/1"}],"replies":[{"embeddable":true,"href":"https:\/\/cofecon.org.br\/cofecon\/index.php?rest_route=%2Fwp%2Fv2%2Fcomments&post=1104"}],"version-history":[{"count":0,"href":"https:\/\/cofecon.org.br\/cofecon\/index.php?rest_route=\/wp\/v2\/posts\/1104\/revisions"}],"wp:attachment":[{"href":"https:\/\/cofecon.org.br\/cofecon\/index.php?rest_route=%2Fwp%2Fv2%2Fmedia&parent=1104"}],"wp:term":[{"taxonomy":"category","embeddable":true,"href":"https:\/\/cofecon.org.br\/cofecon\/index.php?rest_route=%2Fwp%2Fv2%2Fcategories&post=1104"},{"taxonomy":"post_tag","embeddable":true,"href":"https:\/\/cofecon.org.br\/cofecon\/index.php?rest_route=%2Fwp%2Fv2%2Ftags&post=1104"}],"curies":[{"name":"wp","href":"https:\/\/api.w.org\/{rel}","templated":true}]}}