{"id":1102,"date":"2016-05-20T18:01:38","date_gmt":"2016-05-20T21:01:38","guid":{"rendered":"http:\/\/www.cofecon.org.br\/?p=1102"},"modified":"2016-05-20T18:01:38","modified_gmt":"2016-05-20T21:01:38","slug":"um-olho-no-peixe","status":"publish","type":"post","link":"https:\/\/cofecon.org.br\/cofecon\/?p=1102","title":{"rendered":"Artigo &#8211; Um olho no peixe&#8230;"},"content":{"rendered":"<p style=\"text-align: justify;\">O Conselho Federal de Economia tem se posicionado nos \u00faltimos anos em defesa do crescimento econ\u00f4mico, do combate \u00e0 pobreza, da inclus\u00e3o social e da melhoria na p\u00e9ssima distribui\u00e7\u00e3o social e espacial da renda no Brasil.<\/p>\n<p style=\"text-align: justify;\">Coerentemente com estes princ\u00edpios, por diversas vezes nos manifestamos contra a elevada taxa b\u00e1sica de juros, que inibe o investimento p\u00fablico e privado, encarece o cr\u00e9dito e desestimula o consumo; recha\u00e7amos os absurdos gastos com pagamento de juros da d\u00edvida p\u00fablica; criticamos a sobrevaloriza\u00e7\u00e3o da moeda para controlar a infla\u00e7\u00e3o, com not\u00f3rios preju\u00edzos para a ind\u00fastria e as contas externas; e nos opusemos ao nosso modelo tribut\u00e1rio, altamente regressivo e que incide fortemente sobre a produ\u00e7\u00e3o e o consumo e, de forma p\u00edfia, sobre a renda e a riqueza.<\/p>\n<p style=\"text-align: justify;\">Da mesma forma, aprovamos os programas de transfer\u00eancia de renda e a preserva\u00e7\u00e3o e amplia\u00e7\u00e3o dos direitos sociais que beneficiam os extratos mais pobres e vulner\u00e1veis de nossa popula\u00e7\u00e3o, bem como aplaudimos a institui\u00e7\u00e3o da Pol\u00edtica de Valoriza\u00e7\u00e3o do Sal\u00e1rio M\u00ednimo, que fortalece nosso mercado interno.<\/p>\n<p style=\"text-align: justify;\">O Brasil vive um grande impasse: a manuten\u00e7\u00e3o do conjunto de programas governamentais, institu\u00eddo a partir da Constitui\u00e7\u00e3o Federal de 1988 e ampliado nos anos seguintes, que formam um colch\u00e3o de prote\u00e7\u00e3o social, n\u00e3o cabe mais no or\u00e7amento p\u00fablico, especialmente devido \u00e0s transfer\u00eancias para o topo da pir\u00e2mide social, que abocanha mais de 35% deste or\u00e7amento (700 bilh\u00f5es de reais\/ano) a t\u00edtulo de juros da d\u00edvida p\u00fablica, subs\u00eddios e desonera\u00e7\u00f5es tribut\u00e1rias de todo tipo.<\/p>\n<p style=\"text-align: justify;\">A universaliza\u00e7\u00e3o de direitos sociais que inexistiam no Pa\u00eds at\u00e9 1988 &#8211; SUS, seguro desemprego, aposentadoria rural ampliada, que se juntaram a outros posteriormente, como o Bolsa Fam\u00edlia, financiamento estudantil e habita\u00e7\u00e3o popular \u2013 \u00e9 uma conquista da sociedade brasileira e dela n\u00e3o se pode abrir m\u00e3o. Portanto, um olho no peixe, outro no gato.<strong>\u00a0<\/strong><\/p>\n<p style=\"text-align: justify;\"><strong>J\u00falio Miragaya, presidente do Conselho Federal de Economia<\/strong><\/p>\n","protected":false},"excerpt":{"rendered":"<p>O Conselho Federal de Economia tem se posicionado nos \u00faltimos anos em defesa do crescimento econ\u00f4mico, do combate \u00e0 pobreza, da inclus\u00e3o social e da melhoria na p\u00e9ssima distribui\u00e7\u00e3o social e espacial da renda no Brasil. Coerentemente com estes princ\u00edpios,<\/p>\n<p><a class=\"more-link\" href=\"https:\/\/cofecon.org.br\/cofecon\/?p=1102\">Leia Mais<\/a><\/p>\n","protected":false},"author":1,"featured_media":0,"comment_status":"open","ping_status":"open","sticky":false,"template":"","format":"standard","meta":{"footnotes":""},"categories":[6],"tags":[],"class_list":["post-1102","post","type-post","status-publish","format-standard","hentry","category-artigo"],"_links":{"self":[{"href":"https:\/\/cofecon.org.br\/cofecon\/index.php?rest_route=\/wp\/v2\/posts\/1102"}],"collection":[{"href":"https:\/\/cofecon.org.br\/cofecon\/index.php?rest_route=\/wp\/v2\/posts"}],"about":[{"href":"https:\/\/cofecon.org.br\/cofecon\/index.php?rest_route=\/wp\/v2\/types\/post"}],"author":[{"embeddable":true,"href":"https:\/\/cofecon.org.br\/cofecon\/index.php?rest_route=\/wp\/v2\/users\/1"}],"replies":[{"embeddable":true,"href":"https:\/\/cofecon.org.br\/cofecon\/index.php?rest_route=%2Fwp%2Fv2%2Fcomments&post=1102"}],"version-history":[{"count":0,"href":"https:\/\/cofecon.org.br\/cofecon\/index.php?rest_route=\/wp\/v2\/posts\/1102\/revisions"}],"wp:attachment":[{"href":"https:\/\/cofecon.org.br\/cofecon\/index.php?rest_route=%2Fwp%2Fv2%2Fmedia&parent=1102"}],"wp:term":[{"taxonomy":"category","embeddable":true,"href":"https:\/\/cofecon.org.br\/cofecon\/index.php?rest_route=%2Fwp%2Fv2%2Fcategories&post=1102"},{"taxonomy":"post_tag","embeddable":true,"href":"https:\/\/cofecon.org.br\/cofecon\/index.php?rest_route=%2Fwp%2Fv2%2Ftags&post=1102"}],"curies":[{"name":"wp","href":"https:\/\/api.w.org\/{rel}","templated":true}]}}