{"id":11007,"date":"2020-04-30T18:21:33","date_gmt":"2020-04-30T21:21:33","guid":{"rendered":"https:\/\/www.cofecon.org.br\/?p=11007"},"modified":"2020-04-30T18:21:33","modified_gmt":"2020-04-30T21:21:33","slug":"novo-site-e-aplicativo-do-corecon-sp-ja-estao-no-ar","status":"publish","type":"post","link":"https:\/\/cofecon.org.br\/cofecon\/?p=11007","title":{"rendered":"Novo site e aplicativo do Corecon-SP j\u00e1 est\u00e3o no ar"},"content":{"rendered":"\n<p>O Corecon-SP anuncia a implanta\u00e7\u00e3o de nova homepage, totalmente independente do sistema da entidade, com autonomia, velocidade e sem qualquer risco de ataque, via site, ao sistema de dados dos Economistas registrados no Conselho.<br \/><br \/>O novo site \u00e9 responsivo, ou seja, pode ser acessado por meio de diferentes dispositivos, facilitando consultas e permitindo uma consider\u00e1vel economia de tempo em frente ao computador. Portanto, com maior facilidade de acesso, design simples, pr\u00e1tico e moderno, a novidade vem para refor\u00e7ar ainda mais o compromisso do Corecon-SP para com os Profissionais da \u00e1rea Econ\u00f4mica.<br \/><br \/><strong>APP CoreconSP<\/strong><br \/><br \/>Recentemente o CoreconSP lan\u00e7ou o aplicativo\u00a0 que al\u00e9m das funcionalidades usuais traz notifica\u00e7\u00f5es em tempo real, fazendo com que o Economista fique mais pr\u00f3ximo de seu Conselho e n\u00e3o perca nenhuma informa\u00e7\u00e3o ou atividade da Entidade.<br \/><br \/>Acesse a partir de agora o novo site:\u00a0<a href=\"http:\/\/emkt.coreconsp.org.br\/emkt\/tracer\/?2,6216451,3553bb63,90c9,1\" target=\"_blank\" rel=\"noopener noreferrer\">www.coreconsp.gov.br<\/a><br \/><br \/>Baixe tamb\u00e9m o aplicativo Corecon-SP no link: <a href=\"http:\/\/emkt.coreconsp.org.br\/emkt\/tracer\/?2,6216451,3553bb63,90c9,2\" target=\"_blank\" rel=\"noopener noreferrer\">https:\/\/play.google.com\/store\/apps\/details?id=br.com.rm.corecon360<\/a><\/p>\n<p><img loading=\"lazy\" decoding=\"async\" class=\"wp-image-11008 size-large aligncenter\" src=\"https:\/\/www.cofecon.org.br\/wp-content\/uploads\/2020\/04\/coreconsp-1024x465.jpg\" alt=\"\" width=\"1024\" height=\"465\" srcset=\"https:\/\/cofecon.org.br\/cofecon\/wp-content\/uploads\/2020\/04\/coreconsp-1024x465.jpg 1024w, https:\/\/cofecon.org.br\/cofecon\/wp-content\/uploads\/2020\/04\/coreconsp-300x136.jpg 300w, https:\/\/cofecon.org.br\/cofecon\/wp-content\/uploads\/2020\/04\/coreconsp-768x349.jpg 768w, https:\/\/cofecon.org.br\/cofecon\/wp-content\/uploads\/2020\/04\/coreconsp-800x363.jpg 800w, https:\/\/cofecon.org.br\/cofecon\/wp-content\/uploads\/2020\/04\/coreconsp.jpg 1309w\" sizes=\"(max-width: 1024px) 100vw, 1024px\" \/><\/p>\n","protected":false},"excerpt":{"rendered":"","protected":false},"author":1,"featured_media":11009,"comment_status":"closed","ping_status":"closed","sticky":false,"template":"","format":"standard","meta":{"footnotes":""},"categories":[4],"tags":[],"class_list":["post-11007","post","type-post","status-publish","format-standard","has-post-thumbnail","hentry","category-corecons-em-movimento"],"_links":{"self":[{"href":"https:\/\/cofecon.org.br\/cofecon\/index.php?rest_route=\/wp\/v2\/posts\/11007"}],"collection":[{"href":"https:\/\/cofecon.org.br\/cofecon\/index.php?rest_route=\/wp\/v2\/posts"}],"about":[{"href":"https:\/\/cofecon.org.br\/cofecon\/index.php?rest_route=\/wp\/v2\/types\/post"}],"author":[{"embeddable":true,"href":"https:\/\/cofecon.org.br\/cofecon\/index.php?rest_route=\/wp\/v2\/users\/1"}],"replies":[{"embeddable":true,"href":"https:\/\/cofecon.org.br\/cofecon\/index.php?rest_route=%2Fwp%2Fv2%2Fcomments&post=11007"}],"version-history":[{"count":0,"href":"https:\/\/cofecon.org.br\/cofecon\/index.php?rest_route=\/wp\/v2\/posts\/11007\/revisions"}],"wp:featuredmedia":[{"embeddable":true,"href":"https:\/\/cofecon.org.br\/cofecon\/index.php?rest_route=\/wp\/v2\/media\/11009"}],"wp:attachment":[{"href":"https:\/\/cofecon.org.br\/cofecon\/index.php?rest_route=%2Fwp%2Fv2%2Fmedia&parent=11007"}],"wp:term":[{"taxonomy":"category","embeddable":true,"href":"https:\/\/cofecon.org.br\/cofecon\/index.php?rest_route=%2Fwp%2Fv2%2Fcategories&post=11007"},{"taxonomy":"post_tag","embeddable":true,"href":"https:\/\/cofecon.org.br\/cofecon\/index.php?rest_route=%2Fwp%2Fv2%2Ftags&post=11007"}],"curies":[{"name":"wp","href":"https:\/\/api.w.org\/{rel}","templated":true}]}}