{"id":1100,"date":"2016-05-20T17:59:56","date_gmt":"2016-05-20T20:59:56","guid":{"rendered":"http:\/\/www.cofecon.org.br\/?p=1100"},"modified":"2016-05-20T17:59:56","modified_gmt":"2016-05-20T20:59:56","slug":"economia-brasileira-ponto-de-ruptura","status":"publish","type":"post","link":"https:\/\/cofecon.org.br\/cofecon\/?p=1100","title":{"rendered":"Artigo &#8211; Economia brasileira: ponto de ruptura"},"content":{"rendered":"<p style=\"text-align: justify;\">O impeachment foi um marco n\u00e3o s\u00f3 para reflex\u00e3o mas, tamb\u00e9m, para a a\u00e7\u00e3o. Esses 180 dias ser\u00e3o significativos para a tomada de decis\u00e3o de que caminho seguir para superar as pedras e da escolha da rota adequada ao desenvolvimento do Pa\u00eds.<\/p>\n<p style=\"text-align: justify;\">Algumas das pedras fundamentais (mais pesadas) a remover s\u00e3o:<\/p>\n<ol style=\"text-align: justify;\">\n<li>Redu\u00e7\u00e3o da d\u00edvida p\u00fablica, supera\u00e7\u00e3o do d\u00e9ficit e adequa\u00e7\u00e3o\/racionaliza\u00e7\u00e3o dos gastos p\u00fablicos.<br \/>\n 2. Redu\u00e7\u00e3o\/elimina\u00e7\u00e3o da corrup\u00e7\u00e3o, tendo como princ\u00edpio n\u00e3o s\u00f3 regras eficazes para impedir, como puni\u00e7\u00f5es severas para os corruptos e corruptores.<br \/>\n 3. Adequa\u00e7\u00e3o da carga tribut\u00e1ria que, hoje, leva o brasileiro a doar mais de quatro meses do ano de seus esfor\u00e7os para suprir os encargos do Pa\u00eds, tendo como peso os gastos p\u00fablicos, a corrup\u00e7\u00e3o, a burocracia e a inefici\u00eancia p\u00fablica.<br \/>\n 4. Melhorar aspectos fundamentais como: sa\u00fade, educa\u00e7\u00e3o, seguran\u00e7a e infraestrutura.<br \/>\n 5. Outros aspectos complementares.<\/li>\n<\/ol>\n<p style=\"text-align: justify;\">Evidentemente a reconfigura\u00e7\u00e3o da situa\u00e7\u00e3o econ\u00f4mica poder\u00e1 exigir alguns sacrif\u00edcios tempor\u00e1rios, mas que ser\u00e3o superados se forem tomadas decis\u00f5es e realizadas a\u00e7\u00f5es adequadas, n\u00e3o s\u00f3 conjunturais como, principalmente, estruturais.<\/p>\n<p style=\"text-align: justify;\">Os atuais governantes, ainda que tempor\u00e1rios, d\u00e3o sinais de que tendem para a rota de adequa\u00e7\u00e3o da gest\u00e3o. Isto exigir\u00e1 empenho, persist\u00eancia, coer\u00eancia e compet\u00eancia.<\/p>\n<p style=\"text-align: justify;\">O sistema previdenci\u00e1rio exigir\u00e1 medidas que, n\u00e3o s\u00f3, se adequem ao aumento da sobreviv\u00eancia das pessoas como, tamb\u00e9m, que corrijam e impe\u00e7am a apropria\u00e7\u00e3o indevida de aposentadorias por benef\u00edcios para os quais n\u00e3o contribu\u00edram adequadamente pelo devido tempo. Da mesma forma, os gastos\/desperd\u00edcios p\u00fablicos que elevam o custo-Pa\u00eds.<\/p>\n<p style=\"text-align: justify;\">Feitas as devidas corre\u00e7\u00f5es dos erros cometidos na gest\u00e3o p\u00fablica ao longo de muitos anos, com impedimento ao retorno dessas pr\u00e1ticas, em poucos anos o Pa\u00eds poder\u00e1 trazer as contas p\u00fablicas ao equil\u00edbrio, possibilitando a redu\u00e7\u00e3o da carga tribut\u00e1ria, permitindo as empresas e as pessoas caminharem n\u00e3o s\u00f3 ao crescimento mas, tamb\u00e9m e principalmente, ao \u201c Desenvolvimento\u201d.<\/p>\n<p style=\"text-align: justify;\">Realizado este sonho, o potencial do Pa\u00eds, por seus recursos, poder\u00e1 posicion\u00e1-lo, no m\u00e9dio prazo, entre os tr\u00eas primeiros pa\u00edses do mundo. Isto ainda \u00e9 um\u00a0 sonho mas poder\u00e1 tornar-se realidade.<\/p>\n<p style=\"text-align: justify;\">\u00c9 preciso acreditar e, pela constitui\u00e7\u00e3o de eficazes\u00a0 \u201c Comunidades C\u00edvicas\u201d, que sabem e buscam o que \u00e9 desej\u00e1vel, justo e poss\u00edvel, o sonho seja realizado.<\/p>\n<p style=\"text-align: justify;\"><strong>Humberto Dalsasso &#8211; Economista, consultor empresarial de Alta Gest\u00e3o<\/strong><\/p>\n","protected":false},"excerpt":{"rendered":"<p>O impeachment foi um marco n\u00e3o s\u00f3 para reflex\u00e3o mas, tamb\u00e9m, para a a\u00e7\u00e3o. Esses 180 dias ser\u00e3o significativos para a tomada de decis\u00e3o de que caminho seguir para superar as pedras e da escolha da rota adequada ao desenvolvimento<\/p>\n<p><a class=\"more-link\" href=\"https:\/\/cofecon.org.br\/cofecon\/?p=1100\">Leia Mais<\/a><\/p>\n","protected":false},"author":1,"featured_media":0,"comment_status":"open","ping_status":"open","sticky":false,"template":"","format":"standard","meta":{"footnotes":""},"categories":[6],"tags":[],"class_list":["post-1100","post","type-post","status-publish","format-standard","hentry","category-artigo"],"_links":{"self":[{"href":"https:\/\/cofecon.org.br\/cofecon\/index.php?rest_route=\/wp\/v2\/posts\/1100"}],"collection":[{"href":"https:\/\/cofecon.org.br\/cofecon\/index.php?rest_route=\/wp\/v2\/posts"}],"about":[{"href":"https:\/\/cofecon.org.br\/cofecon\/index.php?rest_route=\/wp\/v2\/types\/post"}],"author":[{"embeddable":true,"href":"https:\/\/cofecon.org.br\/cofecon\/index.php?rest_route=\/wp\/v2\/users\/1"}],"replies":[{"embeddable":true,"href":"https:\/\/cofecon.org.br\/cofecon\/index.php?rest_route=%2Fwp%2Fv2%2Fcomments&post=1100"}],"version-history":[{"count":0,"href":"https:\/\/cofecon.org.br\/cofecon\/index.php?rest_route=\/wp\/v2\/posts\/1100\/revisions"}],"wp:attachment":[{"href":"https:\/\/cofecon.org.br\/cofecon\/index.php?rest_route=%2Fwp%2Fv2%2Fmedia&parent=1100"}],"wp:term":[{"taxonomy":"category","embeddable":true,"href":"https:\/\/cofecon.org.br\/cofecon\/index.php?rest_route=%2Fwp%2Fv2%2Fcategories&post=1100"},{"taxonomy":"post_tag","embeddable":true,"href":"https:\/\/cofecon.org.br\/cofecon\/index.php?rest_route=%2Fwp%2Fv2%2Ftags&post=1100"}],"curies":[{"name":"wp","href":"https:\/\/api.w.org\/{rel}","templated":true}]}}