{"id":1097,"date":"2016-05-19T17:58:08","date_gmt":"2016-05-19T20:58:08","guid":{"rendered":"http:\/\/www.cofecon.org.br\/?p=1097"},"modified":"2016-05-19T17:58:08","modified_gmt":"2016-05-19T20:58:08","slug":"presidente-do-cofecon-e-corecons-da-regiao-norte-se-reunem-em-manaus","status":"publish","type":"post","link":"https:\/\/cofecon.org.br\/cofecon\/?p=1097","title":{"rendered":"Presidente do Cofecon e Corecons da regi\u00e3o Norte se re\u00fanem em Manaus"},"content":{"rendered":"<p style=\"text-align: justify;\"><img loading=\"lazy\" decoding=\"async\" class=\"size-medium wp-image-1098 alignleft\" src=\"http:\/\/www.cofecon.org.br\/wp-content\/uploads\/2017\/06\/56-300x171.jpg\" alt=\"\" width=\"300\" height=\"171\" srcset=\"https:\/\/cofecon.org.br\/cofecon\/wp-content\/uploads\/2017\/06\/56-300x171.jpg 300w, https:\/\/cofecon.org.br\/cofecon\/wp-content\/uploads\/2017\/06\/56.jpg 679w\" sizes=\"(max-width: 300px) 100vw, 300px\" \/>O presidente do Conselho Federal de Economia (Cofecon), J\u00falio Miragaya, e a superintendente da autarquia, Aline Tales, se reuniram nesta quinta-feira, 19 de maio, com presidentes dos Conselhos Regionais de Economia da regi\u00e3o Norte para tratar de despachos executivos. O encontro ocorreu em Manaus, na Federa\u00e7\u00e3o das Ind\u00fastrias do Estado do Amazonas (FIEM).<\/p>\n<p style=\"text-align: justify;\">Participaram os economistas Nelson Azevedo dos Santos, presidente do Corecon-AM; Jos\u00e9 Guilherme Fonseca de Azevedo, vice-presidente do Corecon-AM; Flor\u00eancio Costa de Melo, presidente do Corecon-RR; J\u00falio Cezar Ramos Nogueira, presidente do Corecon-RO; Higor de Sousa Franco, vice-presidente do Corecon-TO; N\u00e9lio Geraldo Bordalo Filho, presidente do Corecon-PA; e Denise Kassama Franco do Amaral, conselheira federal.<\/p>\n<p style=\"text-align: justify;\">O destaque da pauta foi a Campanha Nacional pela redu\u00e7\u00e3o da desigualdade social no Brasil, proposta constante no programa do Cofecon e apresentada na 670\u00aa Sess\u00e3o Plen\u00e1ria. A quest\u00e3o se torna ainda mais evidente ao considerar a regi\u00e3o Norte e os presidentes consideraram fundamental este debate. Tamb\u00e9m foram abordadas as seguintes quest\u00f5es: Elei\u00e7\u00f5es eletr\u00f4nicas nos Corecons; Cria\u00e7\u00e3o do Cadastro Nacional dos Peritos de Economia e Finan\u00e7as (CNPEF); Processo Seletivo Sistema Cofecon\/Corecons; VI Gincana Nacional de Economia; Pr\u00eamio Brasil de Economia; XXV Simp\u00f3sio Nacional dos Conselhos de Economia, al\u00e9m de informes sobre o PLS 658\/2007.<\/p>\n","protected":false},"excerpt":{"rendered":"<p>O presidente do Conselho Federal de Economia (Cofecon), J\u00falio Miragaya, e a superintendente da autarquia, Aline Tales, se reuniram nesta quinta-feira, 19 de maio, com presidentes dos Conselhos Regionais de Economia da regi\u00e3o Norte para tratar de despachos executivos. O<\/p>\n<p><a class=\"more-link\" href=\"https:\/\/cofecon.org.br\/cofecon\/?p=1097\">Leia Mais<\/a><\/p>\n","protected":false},"author":1,"featured_media":0,"comment_status":"open","ping_status":"open","sticky":false,"template":"","format":"standard","meta":{"footnotes":""},"categories":[2],"tags":[],"class_list":["post-1097","post","type-post","status-publish","format-standard","hentry","category-noticias"],"_links":{"self":[{"href":"https:\/\/cofecon.org.br\/cofecon\/index.php?rest_route=\/wp\/v2\/posts\/1097"}],"collection":[{"href":"https:\/\/cofecon.org.br\/cofecon\/index.php?rest_route=\/wp\/v2\/posts"}],"about":[{"href":"https:\/\/cofecon.org.br\/cofecon\/index.php?rest_route=\/wp\/v2\/types\/post"}],"author":[{"embeddable":true,"href":"https:\/\/cofecon.org.br\/cofecon\/index.php?rest_route=\/wp\/v2\/users\/1"}],"replies":[{"embeddable":true,"href":"https:\/\/cofecon.org.br\/cofecon\/index.php?rest_route=%2Fwp%2Fv2%2Fcomments&post=1097"}],"version-history":[{"count":0,"href":"https:\/\/cofecon.org.br\/cofecon\/index.php?rest_route=\/wp\/v2\/posts\/1097\/revisions"}],"wp:attachment":[{"href":"https:\/\/cofecon.org.br\/cofecon\/index.php?rest_route=%2Fwp%2Fv2%2Fmedia&parent=1097"}],"wp:term":[{"taxonomy":"category","embeddable":true,"href":"https:\/\/cofecon.org.br\/cofecon\/index.php?rest_route=%2Fwp%2Fv2%2Fcategories&post=1097"},{"taxonomy":"post_tag","embeddable":true,"href":"https:\/\/cofecon.org.br\/cofecon\/index.php?rest_route=%2Fwp%2Fv2%2Ftags&post=1097"}],"curies":[{"name":"wp","href":"https:\/\/api.w.org\/{rel}","templated":true}]}}